{"id":1114,"date":"2022-03-04T08:00:00","date_gmt":"2022-03-04T03:00:00","guid":{"rendered":"https:\/\/fundacionbiosferas.org\/?p=1114"},"modified":"2022-03-26T08:41:45","modified_gmt":"2022-03-26T03:41:45","slug":"acta-seleccion-vinculantes","status":"publish","type":"post","link":"https:\/\/fundacionbiosferas.org\/index.php\/2022\/03\/04\/acta-seleccion-vinculantes\/","title":{"rendered":"Acta de selecci\u00f3n &#8211; convocatorias vinculantes #HuertoCircuitos"},"content":{"rendered":"\n<p>En el marco de la estrategia #HuertoCircuitos, que busca la visibilizaci\u00f3n de los procesos comunitarios y colectivos en pro de la gesti\u00f3n y apropiaci\u00f3n responsable de los territorios, reivindicando derechos colectivos y la incidencia de las acciones sobre el fortalecimiento y reconstrucci\u00f3n del tejido social, clave para un desarrollo ambiental sostenible y sustentable de la sociedad; se abri\u00f3 convocatoria para la vinculaci\u00f3n en 4 categor\u00edas:<\/p>\n\n\n\n<p>A) Huertas urbanas de la localidad de Puente Aranda<br>B) Coordinadores de talleres\/laboratorios<br>C) Artistas\/agrupaciones culturales<br>D) Representantes del sector gastron\u00f3mico participantes de los desaf\u00edos culinarios<\/p>\n\n\n\n<p>Las convocatorias estuvieron abiertas desde el jueves 17 de febrero al 3 de marzo de 2022 a las 8:00 p.m. y se habilit\u00f3 un formulario de Google Forms, donde los interesados pod\u00edan registrarse en varias categor\u00edas, llenando un formulario individual por cada categor\u00eda. Se aclar\u00f3 que: 1) Completar el formulario de registro era indispensable para participar, pero no garantizaba su vinculaci\u00f3n consecutiva 2) Se priorizar\u00eda a los participantes de la Localidad de Puente Aranda. 3) Ser parte de la iniciativa implica el compromiso de participar de las actividades programadas, reuniones previas y al menos uno de los recorridos programados en el marco de la agenda del proyecto. 4) Toda la parrilla de programaci\u00f3n se desarrollar\u00e1 durante los meses de marzo y abril de 2022, aunque estar\u00e1 sujeto a habilitaciones y enmiendas por parte del PNUD y de la Alcald\u00eda Local de Puente Aranda en el marco de la ejecuci\u00f3n de los Presupuestos Participativos 2020.<\/p>\n\n\n\n<p>Durante el proceso se inscribieron 46 propuestas: 12 huertas urbanas, 13 Coordinadores de talleres\/laboratorios, 18 Artistas o Agrupaci\u00f3n cultural y 3 Representantes del sector gastron\u00f3mico.<\/p>\n\n\n\n<figure class=\"wp-block-table\"><table><tbody><tr><td><strong>Convocatoria<\/strong><\/td><td><strong>Representante<\/strong><\/td><td>Tipolog\u00eda\/\u00c1rea<\/td><td><strong>Organizaci\u00f3n<\/strong><\/td><td><strong>Total puntaje<\/strong><\/td><td><strong>Decisi\u00f3n<\/strong><\/td><td><strong>Observaciones<\/strong><\/td><\/tr><tr><td>Categor\u00eda A<\/td><td>Yanet Bol\u00edvar Garz\u00f3n<\/td><td>Comunitaria espacio p\u00fablico<\/td><td><\/td><td>60<\/td><td>ACEPTADA<\/td><td><\/td><\/tr><tr><td>Categor\u00eda A<\/td><td>Alba Baracaldo<\/td><td>Comunitaria espacio p\u00fablico<\/td><td><\/td><td>57<\/td><td>ACEPTADA<\/td><td><\/td><\/tr><tr><td>Categor\u00eda A<\/td><td>Diana Carolina Rodriguez Torres<\/td><td>Comunitaria espacio p\u00fablico<\/td><td><\/td><td>57<\/td><td>ACEPTADA<\/td><td><\/td><\/tr><tr><td>Categor\u00eda A<\/td><td>Daniel Hernando Cort\u00e9s Miranda<\/td><td>Comunitaria espacio p\u00fablico<\/td><td><\/td><td>60<\/td><td>ACEPTADA<\/td><td><\/td><\/tr><tr><td>Categor\u00eda A<\/td><td>Argenis Guerrero<\/td><td>Comunitaria espacio privado<\/td><td><\/td><td>51<\/td><td>ACEPTADA<\/td><td><\/td><\/tr><tr><td>Categor\u00eda A<\/td><td>Dora<\/td><td>Comunitaria espacio p\u00fablico<\/td><td><\/td><td>54<\/td><td>ACEPTADA<\/td><td><\/td><\/tr><tr><td>Categor\u00eda A<\/td><td>Walter Iv\u00e1n \u00c1vila Ram\u00edrez; Enrique Cano.<\/td><td>Comunitaria espacio p\u00fablico<\/td><td><\/td><td>57<\/td><td>ACEPTADA<\/td><td><\/td><\/tr><tr><td>Categor\u00eda A<\/td><td>LIZETH JOHANA VILLAFA\u00d1E HERNANDEZ<\/td><td>Comunitaria espacio privado<\/td><td><\/td><td>57<\/td><td>ACEPTADA<\/td><td><\/td><\/tr><tr><td>Categor\u00eda A<\/td><td>Blanca Ligia Rodr\u00edguez<\/td><td>Comunitaria espacio p\u00fablico<\/td><td><\/td><td>48<\/td><td>ACEPTADA<\/td><td><\/td><\/tr><tr><td>Categor\u00eda A<\/td><td>B\u00e1rbara Guzm\u00e1n<\/td><td>Comunitaria espacio privado<\/td><td><\/td><td>60<\/td><td>ACEPTADA<\/td><td><\/td><\/tr><tr><td>Categoria B<\/td><td>July Vanegas Espejo<\/td><td>Ambiental<\/td><td><\/td><td>35<\/td><td>ACEPTADA<\/td><td>Sujeto a modificaciones metodol\u00f3gicas<\/td><\/tr><tr><td>Categoria B<\/td><td>Danny Iv\u00f3n Cort\u00e9s<\/td><td>Poblaci\u00f3n Afrocolombianas<\/td><td><\/td><td>37<\/td><td>ACEPTADA<\/td><td><\/td><\/tr><tr><td>Categoria B<\/td><td>Esneider Gamboa Burbano<\/td><td>Fotograf\u00eda digital<\/td><td><\/td><td>42<\/td><td>ACEPTADA<\/td><td><\/td><\/tr><tr><td>Categoria B<\/td><td>Diego Shaken Ruiz Daza<\/td><td>Arte &#8211; Ilustraci\u00f3n<\/td><td><\/td><td>46<\/td><td>ACEPTADA<\/td><td><\/td><\/tr><tr><td>Categoria B<\/td><td>Daniel Fabrizio Morales Rodriguez<\/td><td>Arte Urbano y Comunicaci\u00f3n Visual<\/td><td><\/td><td>35<\/td><td>ACEPTADA<\/td><td>Sujeto a modificaciones y direccionamiento en aras de una mayor inmersi\u00f3n con los objetivos generales<\/td><\/tr><tr><td>Categoria B<\/td><td>Jenny Valentina Hern\u00e1ndez Barrero<\/td><td>Eje ambiental<\/td><td><\/td><td>40<\/td><td>ACEPTADA<\/td><td>Sujeto a modificaciones metogol\u00f3gicas<\/td><\/tr><tr><td>Categoria B<\/td><td>Maribel Edith Florez Casadiego<\/td><td>literatura-ambiente-artes pl\u00e1sticas<\/td><td><\/td><td>45<\/td><td>ACEPTADA<\/td><td><\/td><\/tr><tr><td>Categoria B<\/td><td>Alejandra Gamba Pinz\u00f3n<\/td><td>Area ambiental, protecci\u00f3n de polinizadores<\/td><td><\/td><td>36<\/td><td>ACEPTADA<\/td><td>Sujeto a modificaciones metodol\u00f3gicas<\/td><\/tr><tr><td>Categoria C<\/td><td>Andres David Lago Sanabria<\/td><td>artistas guardianes del territorio<\/td><td>Akasha arte y cultura<\/td><td>36<\/td><td>ACEPTADA<\/td><td>*Localidad<\/td><\/tr><tr><td>Categoria C<\/td><td>Leonardo Romero<\/td><td>Teatro<\/td><td><\/td><td>52<\/td><td>ACEPTADA<\/td><td>Participaci\u00f3n grupal<\/td><\/tr><tr><td>Categoria C<\/td><td>Consuelo Avenda\u00f1o Becerra<\/td><td>Agrupaci\u00f3n de Artistas<\/td><td>REAL TEAM<\/td><td>42<\/td><td>ACEPTADA<\/td><td>Sujeto a requerimientos tecnicos y metodol\u00f3gicos<\/td><\/tr><tr><td>Categoria C<\/td><td>Diana Marcela Cu\u00e9llar Sierra<\/td><td>Teatro<\/td><td>Art Theta Teatro<\/td><td>36<\/td><td>ACEPTADA<\/td><td><\/td><\/tr><tr><td>Categoria C<\/td><td>leidy catherine fernandez flautero<\/td><td>Presentaci\u00f3n art\u00edstica<\/td><td>On\u00edrica Rap<\/td><td>42<\/td><td>ACEPTADA<\/td><td><\/td><\/tr><tr><td>Categoria C<\/td><td>Linda Carolina Mu\u00f1oz Maldonado<\/td><td>M\u00fasica, circo, teatro.<\/td><td>Artista individual<\/td><td>36<\/td><td>ACEPTADA<\/td><td><\/td><\/tr><tr><td>Categoria C<\/td><td>NANCY PATRICIA GACHA LABRADOR<\/td><td>danza<\/td><td>Fusi\u00f3n Colombia<\/td><td>40<\/td><td>ACEPTADA<\/td><td>Participaci\u00f3n grupal<\/td><\/tr><tr><td>Categoria C<\/td><td>Reinaldo Su\u00e1rez<\/td><td>M\u00fasica<\/td><td>Grupo musical<\/td><td>36<\/td><td>ACEPTADA<\/td><td><\/td><\/tr><tr><td>Categoria C<\/td><td>Rosa Amelia Mart\u00ednez Cabrera<\/td><td>Teatro<\/td><td>El Guambiteatro<\/td><td>46<\/td><td>ACEPTADA<\/td><td>Participaci\u00f3n grupal<\/td><\/tr><tr><td>Categoria C<\/td><td>Santiago Enrique Gait\u00e1n Montoya<\/td><td>Teatro<\/td><td>Arli teatro<\/td><td>40<\/td><td>ACEPTADA<\/td><td>Sujeto a requerimientos tecnicos y publico objetivo<\/td><\/tr><tr><td>Categoria C<\/td><td>Sonia Vel\u00e1squez<\/td><td>M\u00fasica<\/td><td>Grupo Llano y leyenda<\/td><td>39<\/td><td>ACEPTADA<\/td><td>Participaci\u00f3n grupal. Sujeto a modificaciones de requerimientos t\u00e9cnicos<\/td><\/tr><tr><td>Categoria D<\/td><td>Ricardo sanchez<\/td><td>Comidas rapidas<\/td><td><\/td><td>60<\/td><td>ACEPTADA<\/td><td><\/td><\/tr><tr><td>Categoria D<\/td><td>Laura Monsalve<\/td><td>Pasteler\u00eda<\/td><td><\/td><td>60<\/td><td>ACEPTADA<\/td><td><\/td><\/tr><tr><td>Categoria D<\/td><td>Carlos Andr\u00e9s Su\u00e1rez Sandoval<\/td><td>Tradici\u00f3nal Campesina<\/td><td><\/td><td>60<\/td><td>ACEPTADA<\/td><td><\/td><\/tr><\/tbody><\/table><figcaption>Listado general de propuestas seleccionadas<\/figcaption><\/figure>\n\n\n\n<p><\/p>\n\n\n\n<div class=\"wp-block-buttons is-layout-flex wp-block-buttons-is-layout-flex\">\n<div class=\"wp-block-button aligncenter\" id=\"http:\/\/fundacionbiosferas.org\/wp-content\/uploads\/2022\/03\/Acta-convocatorias-vinculantes.pdf\"><a class=\"wp-block-button__link has-background\" href=\"http:\/\/fundacionbiosferas.org\/wp-content\/uploads\/2022\/03\/Acta-convocatorias-vinculantes.pdf\" style=\"background-color:#548235\">Leer el acta de selecci\u00f3n<\/a><\/div>\n<\/div>\n\n\n\n<p>Agradecemos la participaci\u00f3n de todas colectivos, organizaciones y postulantes. En caso de que alguno de los seleccionados se retire o desista del proceso, se dar\u00e1 vinculaci\u00f3n a la siguiente propuesta en puntaje.<\/p>\n\n\n\n<p>Los invitamos a estar pendientes de toda la programaci\u00f3n de #HuertoCircuitos \u201cCircuitos agroecotur\u00edsticos por Puente Aranda 2022\u201d, que contempla recorridos agroecol\u00f3gicos por las huertas urbanas seleccionadas, laboratorios\/talleres de creaci\u00f3n y sensibilizaci\u00f3n, circulaci\u00f3n art\u00edstica y desarrollo de desaf\u00edos gastron\u00f3micos; enviaremos oportunamente la programaci\u00f3n.<\/p>\n\n\n\n<p>Esta propuesta hace parte de las iniciativas seleccionadas para la ejecuci\u00f3n de los Presupuestos Participativos 2020, con el apoyo de la Alcald\u00eda Local de Puente Aranda y el PNUD.<\/p>\n\n\n\n<p>La presente se publica el 4 de marzo de 2022 siendo las 8:00 p.m.<\/p>\n\n\n\n<p>P<strong>ara mayor informaci\u00f3n:<\/strong><\/p>\n\n\n\n<p>Web: <a href=\"https:\/\/fundacionbiosferas.org\/index.php\/convocatorias\/\">https:\/\/fundacionbiosferas.org\/index.php\/convocatorias\/<\/a>&nbsp;<br>Correo: <a href=\"mailto:huertocircuitos@fundacionbiosferas.org\">huertocircuitos@fundacionbiosferas.org<\/a>&nbsp;<br>WhatsApp: <a href=\"https:\/\/wa.me\/573182717527\">3182717527<\/a><\/p>\n","protected":false},"excerpt":{"rendered":"<p>Acta de selecci\u00f3n propuestas participantes de las convocatorias A, B, C y D en el marco de #HuertoCircuitos 2022<\/p>\n","protected":false},"author":1,"featured_media":1116,"comment_status":"open","ping_status":"open","sticky":false,"template":"","format":"standard","meta":{"footnotes":""},"categories":[1],"tags":[48,31,50,49],"class_list":["post-1114","post","type-post","status-publish","format-standard","has-post-thumbnail","hentry","category-convocatorias","tag-convocatorias","tag-huertocircuitos","tag-proyectos","tag-vinculaciones","entry","has-media","owp-thumbs-layout-horizontal","owp-btn-normal","owp-tabs-layout-horizontal","has-no-thumbnails","has-product-nav"],"yoast_head":"<!-- This site is optimized with the Yoast SEO plugin v18.1 - https:\/\/yoast.com\/wordpress\/plugins\/seo\/ -->\n<title>Acta de selecci\u00f3n - convocatorias vinculantes #HuertoCircuitos - Fundaci\u00f3n Biosferas<\/title>\n<meta name=\"description\" content=\"Acta de selecci\u00f3n propuestas participantes de las convocatorias A, B, C y D en el marco de #HuertoCircuitos &quot;Circuitos agroecotur\u00edsticos por Puente Aranda 2022&quot;\" \/>\n<meta name=\"robots\" content=\"index, follow, max-snippet:-1, max-image-preview:large, max-video-preview:-1\" \/>\n<link rel=\"canonical\" href=\"https:\/\/fundacionbiosferas.org\/index.php\/2022\/03\/04\/acta-seleccion-vinculantes\/\" \/>\n<meta property=\"og:locale\" content=\"es_ES\" \/>\n<meta property=\"og:type\" content=\"article\" \/>\n<meta property=\"og:title\" content=\"Acta de selecci\u00f3n - convocatorias vinculantes #HuertoCircuitos - Fundaci\u00f3n Biosferas\" \/>\n<meta property=\"og:description\" content=\"Acta de selecci\u00f3n propuestas participantes de las convocatorias A, B, C y D en el marco de #HuertoCircuitos &quot;Circuitos agroecotur\u00edsticos por Puente Aranda 2022&quot;\" \/>\n<meta property=\"og:url\" content=\"https:\/\/fundacionbiosferas.org\/index.php\/2022\/03\/04\/acta-seleccion-vinculantes\/\" \/>\n<meta property=\"og:site_name\" content=\"Fundaci\u00f3n Biosferas\" \/>\n<meta property=\"article:author\" content=\"https:\/\/www.facebook.com\/Fundacin-Biosferas-103481892248118\" \/>\n<meta property=\"article:published_time\" content=\"2022-03-04T03:00:00+00:00\" \/>\n<meta property=\"article:modified_time\" content=\"2022-03-26T03:41:45+00:00\" \/>\n<meta property=\"og:image\" content=\"http:\/\/fundacionbiosferas.org\/wp-content\/uploads\/2022\/03\/Acta-convocatorias-vinculantes-pdf-1024x723-1.jpg\" \/>\n\t<meta property=\"og:image:width\" content=\"1024\" \/>\n\t<meta property=\"og:image:height\" content=\"723\" \/>\n\t<meta property=\"og:image:type\" content=\"image\/jpeg\" \/>\n<meta name=\"twitter:card\" content=\"summary_large_image\" \/>\n<meta name=\"twitter:label1\" content=\"Escrito por\" \/>\n\t<meta name=\"twitter:data1\" content=\"Fundaci\u00f3n Biosferas\" \/>\n\t<meta name=\"twitter:label2\" content=\"Tiempo de lectura\" \/>\n\t<meta name=\"twitter:data2\" content=\"4 minutos\" \/>\n<script type=\"application\/ld+json\" class=\"yoast-schema-graph\">{\"@context\":\"https:\/\/schema.org\",\"@graph\":[{\"@type\":\"Organization\",\"@id\":\"https:\/\/fundacionbiosferas.org\/#organization\",\"name\":\"Fundaci\u00f3n Biosferas\",\"url\":\"https:\/\/fundacionbiosferas.org\/\",\"sameAs\":[],\"logo\":{\"@type\":\"ImageObject\",\"@id\":\"https:\/\/fundacionbiosferas.org\/#logo\",\"inLanguage\":\"es\",\"url\":\"https:\/\/fundacionbiosferas.org\/wp-content\/uploads\/2022\/02\/cropped-Logo-texto-fondo-blanco-fundacion-biosferas.png\",\"contentUrl\":\"https:\/\/fundacionbiosferas.org\/wp-content\/uploads\/2022\/02\/cropped-Logo-texto-fondo-blanco-fundacion-biosferas.png\",\"width\":500,\"height\":233,\"caption\":\"Fundaci\u00f3n Biosferas\"},\"image\":{\"@id\":\"https:\/\/fundacionbiosferas.org\/#logo\"}},{\"@type\":\"WebSite\",\"@id\":\"https:\/\/fundacionbiosferas.org\/#website\",\"url\":\"https:\/\/fundacionbiosferas.org\/\",\"name\":\"Fundaci\u00f3n Biosferas\",\"description\":\"Fundaci\u00f3n sin \u00e1nimo de lucro, que busca construir comunidad promoviendo la reconexi\u00f3n socioambiental.\",\"publisher\":{\"@id\":\"https:\/\/fundacionbiosferas.org\/#organization\"},\"potentialAction\":[{\"@type\":\"SearchAction\",\"target\":{\"@type\":\"EntryPoint\",\"urlTemplate\":\"https:\/\/fundacionbiosferas.org\/?s={search_term_string}\"},\"query-input\":\"required name=search_term_string\"}],\"inLanguage\":\"es\"},{\"@type\":\"ImageObject\",\"@id\":\"https:\/\/fundacionbiosferas.org\/index.php\/2022\/03\/04\/acta-seleccion-vinculantes\/#primaryimage\",\"inLanguage\":\"es\",\"url\":\"https:\/\/fundacionbiosferas.org\/wp-content\/uploads\/2022\/03\/Acta-convocatorias-vinculantes-pdf-1024x723-1.jpg\",\"contentUrl\":\"https:\/\/fundacionbiosferas.org\/wp-content\/uploads\/2022\/03\/Acta-convocatorias-vinculantes-pdf-1024x723-1.jpg\",\"width\":1024,\"height\":723},{\"@type\":\"WebPage\",\"@id\":\"https:\/\/fundacionbiosferas.org\/index.php\/2022\/03\/04\/acta-seleccion-vinculantes\/#webpage\",\"url\":\"https:\/\/fundacionbiosferas.org\/index.php\/2022\/03\/04\/acta-seleccion-vinculantes\/\",\"name\":\"Acta de selecci\u00f3n - convocatorias vinculantes #HuertoCircuitos - Fundaci\u00f3n Biosferas\",\"isPartOf\":{\"@id\":\"https:\/\/fundacionbiosferas.org\/#website\"},\"primaryImageOfPage\":{\"@id\":\"https:\/\/fundacionbiosferas.org\/index.php\/2022\/03\/04\/acta-seleccion-vinculantes\/#primaryimage\"},\"datePublished\":\"2022-03-04T03:00:00+00:00\",\"dateModified\":\"2022-03-26T03:41:45+00:00\",\"description\":\"Acta de selecci\u00f3n propuestas participantes de las convocatorias A, B, C y D en el marco de #HuertoCircuitos \\\"Circuitos agroecotur\u00edsticos por Puente Aranda 2022\\\"\",\"breadcrumb\":{\"@id\":\"https:\/\/fundacionbiosferas.org\/index.php\/2022\/03\/04\/acta-seleccion-vinculantes\/#breadcrumb\"},\"inLanguage\":\"es\",\"potentialAction\":[{\"@type\":\"ReadAction\",\"target\":[\"https:\/\/fundacionbiosferas.org\/index.php\/2022\/03\/04\/acta-seleccion-vinculantes\/\"]}]},{\"@type\":\"BreadcrumbList\",\"@id\":\"https:\/\/fundacionbiosferas.org\/index.php\/2022\/03\/04\/acta-seleccion-vinculantes\/#breadcrumb\",\"itemListElement\":[{\"@type\":\"ListItem\",\"position\":1,\"name\":\"Portada\",\"item\":\"https:\/\/fundacionbiosferas.org\/\"},{\"@type\":\"ListItem\",\"position\":2,\"name\":\"Acta de selecci\u00f3n &#8211; convocatorias vinculantes #HuertoCircuitos\"}]},{\"@type\":\"Article\",\"@id\":\"https:\/\/fundacionbiosferas.org\/index.php\/2022\/03\/04\/acta-seleccion-vinculantes\/#article\",\"isPartOf\":{\"@id\":\"https:\/\/fundacionbiosferas.org\/index.php\/2022\/03\/04\/acta-seleccion-vinculantes\/#webpage\"},\"author\":{\"@id\":\"https:\/\/fundacionbiosferas.org\/#\/schema\/person\/4c5b627dabf1ae1b356b4d2309ecb438\"},\"headline\":\"Acta de selecci\u00f3n &#8211; convocatorias vinculantes #HuertoCircuitos\",\"datePublished\":\"2022-03-04T03:00:00+00:00\",\"dateModified\":\"2022-03-26T03:41:45+00:00\",\"mainEntityOfPage\":{\"@id\":\"https:\/\/fundacionbiosferas.org\/index.php\/2022\/03\/04\/acta-seleccion-vinculantes\/#webpage\"},\"wordCount\":750,\"commentCount\":0,\"publisher\":{\"@id\":\"https:\/\/fundacionbiosferas.org\/#organization\"},\"image\":{\"@id\":\"https:\/\/fundacionbiosferas.org\/index.php\/2022\/03\/04\/acta-seleccion-vinculantes\/#primaryimage\"},\"thumbnailUrl\":\"https:\/\/fundacionbiosferas.org\/wp-content\/uploads\/2022\/03\/Acta-convocatorias-vinculantes-pdf-1024x723-1.jpg\",\"keywords\":[\"Convocatorias\",\"HuertoCircuitos\",\"proyectos\",\"vinculaciones\"],\"articleSection\":[\"Convocatorias\"],\"inLanguage\":\"es\",\"potentialAction\":[{\"@type\":\"CommentAction\",\"name\":\"Comment\",\"target\":[\"https:\/\/fundacionbiosferas.org\/index.php\/2022\/03\/04\/acta-seleccion-vinculantes\/#respond\"]}]},{\"@type\":\"Person\",\"@id\":\"https:\/\/fundacionbiosferas.org\/#\/schema\/person\/4c5b627dabf1ae1b356b4d2309ecb438\",\"name\":\"Fundaci\u00f3n Biosferas\",\"image\":{\"@type\":\"ImageObject\",\"@id\":\"https:\/\/fundacionbiosferas.org\/#personlogo\",\"inLanguage\":\"es\",\"url\":\"https:\/\/secure.gravatar.com\/avatar\/9ec84cd2aae348a65c0e6bfc1712bb19d1c65841673d43248628d1eb9c1bde07?s=96&d=mm&r=g\",\"contentUrl\":\"https:\/\/secure.gravatar.com\/avatar\/9ec84cd2aae348a65c0e6bfc1712bb19d1c65841673d43248628d1eb9c1bde07?s=96&d=mm&r=g\",\"caption\":\"Fundaci\u00f3n Biosferas\"},\"sameAs\":[\"http:\/\/fundacionbiosferas.org\",\"https:\/\/www.facebook.com\/Fundacin-Biosferas-103481892248118\",\"https:\/\/www.instagram.com\/fundacionbiosferas\/\",\"https:\/\/www.youtube.com\/channel\/UCp_tR3iAI6tXXDMUuiSEF0g\"],\"url\":\"https:\/\/fundacionbiosferas.org\/index.php\/author\/fundacionbiosferas\/\"}]}<\/script>\n<!-- \/ Yoast SEO plugin. -->","yoast_head_json":{"title":"Acta de selecci\u00f3n - convocatorias vinculantes #HuertoCircuitos - Fundaci\u00f3n Biosferas","description":"Acta de selecci\u00f3n propuestas participantes de las convocatorias A, B, C y D en el marco de #HuertoCircuitos \"Circuitos agroecotur\u00edsticos por Puente Aranda 2022\"","robots":{"index":"index","follow":"follow","max-snippet":"max-snippet:-1","max-image-preview":"max-image-preview:large","max-video-preview":"max-video-preview:-1"},"canonical":"https:\/\/fundacionbiosferas.org\/index.php\/2022\/03\/04\/acta-seleccion-vinculantes\/","og_locale":"es_ES","og_type":"article","og_title":"Acta de selecci\u00f3n - convocatorias vinculantes #HuertoCircuitos - Fundaci\u00f3n Biosferas","og_description":"Acta de selecci\u00f3n propuestas participantes de las convocatorias A, B, C y D en el marco de #HuertoCircuitos \"Circuitos agroecotur\u00edsticos por Puente Aranda 2022\"","og_url":"https:\/\/fundacionbiosferas.org\/index.php\/2022\/03\/04\/acta-seleccion-vinculantes\/","og_site_name":"Fundaci\u00f3n Biosferas","article_author":"https:\/\/www.facebook.com\/Fundacin-Biosferas-103481892248118","article_published_time":"2022-03-04T03:00:00+00:00","article_modified_time":"2022-03-26T03:41:45+00:00","og_image":[{"width":1024,"height":723,"url":"http:\/\/fundacionbiosferas.org\/wp-content\/uploads\/2022\/03\/Acta-convocatorias-vinculantes-pdf-1024x723-1.jpg","type":"image\/jpeg"}],"twitter_card":"summary_large_image","twitter_misc":{"Escrito por":"Fundaci\u00f3n Biosferas","Tiempo de lectura":"4 minutos"},"schema":{"@context":"https:\/\/schema.org","@graph":[{"@type":"Organization","@id":"https:\/\/fundacionbiosferas.org\/#organization","name":"Fundaci\u00f3n Biosferas","url":"https:\/\/fundacionbiosferas.org\/","sameAs":[],"logo":{"@type":"ImageObject","@id":"https:\/\/fundacionbiosferas.org\/#logo","inLanguage":"es","url":"https:\/\/fundacionbiosferas.org\/wp-content\/uploads\/2022\/02\/cropped-Logo-texto-fondo-blanco-fundacion-biosferas.png","contentUrl":"https:\/\/fundacionbiosferas.org\/wp-content\/uploads\/2022\/02\/cropped-Logo-texto-fondo-blanco-fundacion-biosferas.png","width":500,"height":233,"caption":"Fundaci\u00f3n Biosferas"},"image":{"@id":"https:\/\/fundacionbiosferas.org\/#logo"}},{"@type":"WebSite","@id":"https:\/\/fundacionbiosferas.org\/#website","url":"https:\/\/fundacionbiosferas.org\/","name":"Fundaci\u00f3n Biosferas","description":"Fundaci\u00f3n sin \u00e1nimo de lucro, que busca construir comunidad promoviendo la reconexi\u00f3n socioambiental.","publisher":{"@id":"https:\/\/fundacionbiosferas.org\/#organization"},"potentialAction":[{"@type":"SearchAction","target":{"@type":"EntryPoint","urlTemplate":"https:\/\/fundacionbiosferas.org\/?s={search_term_string}"},"query-input":"required name=search_term_string"}],"inLanguage":"es"},{"@type":"ImageObject","@id":"https:\/\/fundacionbiosferas.org\/index.php\/2022\/03\/04\/acta-seleccion-vinculantes\/#primaryimage","inLanguage":"es","url":"https:\/\/fundacionbiosferas.org\/wp-content\/uploads\/2022\/03\/Acta-convocatorias-vinculantes-pdf-1024x723-1.jpg","contentUrl":"https:\/\/fundacionbiosferas.org\/wp-content\/uploads\/2022\/03\/Acta-convocatorias-vinculantes-pdf-1024x723-1.jpg","width":1024,"height":723},{"@type":"WebPage","@id":"https:\/\/fundacionbiosferas.org\/index.php\/2022\/03\/04\/acta-seleccion-vinculantes\/#webpage","url":"https:\/\/fundacionbiosferas.org\/index.php\/2022\/03\/04\/acta-seleccion-vinculantes\/","name":"Acta de selecci\u00f3n - convocatorias vinculantes #HuertoCircuitos - Fundaci\u00f3n Biosferas","isPartOf":{"@id":"https:\/\/fundacionbiosferas.org\/#website"},"primaryImageOfPage":{"@id":"https:\/\/fundacionbiosferas.org\/index.php\/2022\/03\/04\/acta-seleccion-vinculantes\/#primaryimage"},"datePublished":"2022-03-04T03:00:00+00:00","dateModified":"2022-03-26T03:41:45+00:00","description":"Acta de selecci\u00f3n propuestas participantes de las convocatorias A, B, C y D en el marco de #HuertoCircuitos \"Circuitos agroecotur\u00edsticos por Puente Aranda 2022\"","breadcrumb":{"@id":"https:\/\/fundacionbiosferas.org\/index.php\/2022\/03\/04\/acta-seleccion-vinculantes\/#breadcrumb"},"inLanguage":"es","potentialAction":[{"@type":"ReadAction","target":["https:\/\/fundacionbiosferas.org\/index.php\/2022\/03\/04\/acta-seleccion-vinculantes\/"]}]},{"@type":"BreadcrumbList","@id":"https:\/\/fundacionbiosferas.org\/index.php\/2022\/03\/04\/acta-seleccion-vinculantes\/#breadcrumb","itemListElement":[{"@type":"ListItem","position":1,"name":"Portada","item":"https:\/\/fundacionbiosferas.org\/"},{"@type":"ListItem","position":2,"name":"Acta de selecci\u00f3n &#8211; convocatorias vinculantes #HuertoCircuitos"}]},{"@type":"Article","@id":"https:\/\/fundacionbiosferas.org\/index.php\/2022\/03\/04\/acta-seleccion-vinculantes\/#article","isPartOf":{"@id":"https:\/\/fundacionbiosferas.org\/index.php\/2022\/03\/04\/acta-seleccion-vinculantes\/#webpage"},"author":{"@id":"https:\/\/fundacionbiosferas.org\/#\/schema\/person\/4c5b627dabf1ae1b356b4d2309ecb438"},"headline":"Acta de selecci\u00f3n &#8211; convocatorias vinculantes #HuertoCircuitos","datePublished":"2022-03-04T03:00:00+00:00","dateModified":"2022-03-26T03:41:45+00:00","mainEntityOfPage":{"@id":"https:\/\/fundacionbiosferas.org\/index.php\/2022\/03\/04\/acta-seleccion-vinculantes\/#webpage"},"wordCount":750,"commentCount":0,"publisher":{"@id":"https:\/\/fundacionbiosferas.org\/#organization"},"image":{"@id":"https:\/\/fundacionbiosferas.org\/index.php\/2022\/03\/04\/acta-seleccion-vinculantes\/#primaryimage"},"thumbnailUrl":"https:\/\/fundacionbiosferas.org\/wp-content\/uploads\/2022\/03\/Acta-convocatorias-vinculantes-pdf-1024x723-1.jpg","keywords":["Convocatorias","HuertoCircuitos","proyectos","vinculaciones"],"articleSection":["Convocatorias"],"inLanguage":"es","potentialAction":[{"@type":"CommentAction","name":"Comment","target":["https:\/\/fundacionbiosferas.org\/index.php\/2022\/03\/04\/acta-seleccion-vinculantes\/#respond"]}]},{"@type":"Person","@id":"https:\/\/fundacionbiosferas.org\/#\/schema\/person\/4c5b627dabf1ae1b356b4d2309ecb438","name":"Fundaci\u00f3n Biosferas","image":{"@type":"ImageObject","@id":"https:\/\/fundacionbiosferas.org\/#personlogo","inLanguage":"es","url":"https:\/\/secure.gravatar.com\/avatar\/9ec84cd2aae348a65c0e6bfc1712bb19d1c65841673d43248628d1eb9c1bde07?s=96&d=mm&r=g","contentUrl":"https:\/\/secure.gravatar.com\/avatar\/9ec84cd2aae348a65c0e6bfc1712bb19d1c65841673d43248628d1eb9c1bde07?s=96&d=mm&r=g","caption":"Fundaci\u00f3n Biosferas"},"sameAs":["http:\/\/fundacionbiosferas.org","https:\/\/www.facebook.com\/Fundacin-Biosferas-103481892248118","https:\/\/www.instagram.com\/fundacionbiosferas\/","https:\/\/www.youtube.com\/channel\/UCp_tR3iAI6tXXDMUuiSEF0g"],"url":"https:\/\/fundacionbiosferas.org\/index.php\/author\/fundacionbiosferas\/"}]}},"_links":{"self":[{"href":"https:\/\/fundacionbiosferas.org\/index.php\/wp-json\/wp\/v2\/posts\/1114","targetHints":{"allow":["GET"]}}],"collection":[{"href":"https:\/\/fundacionbiosferas.org\/index.php\/wp-json\/wp\/v2\/posts"}],"about":[{"href":"https:\/\/fundacionbiosferas.org\/index.php\/wp-json\/wp\/v2\/types\/post"}],"author":[{"embeddable":true,"href":"https:\/\/fundacionbiosferas.org\/index.php\/wp-json\/wp\/v2\/users\/1"}],"replies":[{"embeddable":true,"href":"https:\/\/fundacionbiosferas.org\/index.php\/wp-json\/wp\/v2\/comments?post=1114"}],"version-history":[{"count":3,"href":"https:\/\/fundacionbiosferas.org\/index.php\/wp-json\/wp\/v2\/posts\/1114\/revisions"}],"predecessor-version":[{"id":1130,"href":"https:\/\/fundacionbiosferas.org\/index.php\/wp-json\/wp\/v2\/posts\/1114\/revisions\/1130"}],"wp:featuredmedia":[{"embeddable":true,"href":"https:\/\/fundacionbiosferas.org\/index.php\/wp-json\/wp\/v2\/media\/1116"}],"wp:attachment":[{"href":"https:\/\/fundacionbiosferas.org\/index.php\/wp-json\/wp\/v2\/media?parent=1114"}],"wp:term":[{"taxonomy":"category","embeddable":true,"href":"https:\/\/fundacionbiosferas.org\/index.php\/wp-json\/wp\/v2\/categories?post=1114"},{"taxonomy":"post_tag","embeddable":true,"href":"https:\/\/fundacionbiosferas.org\/index.php\/wp-json\/wp\/v2\/tags?post=1114"}],"curies":[{"name":"wp","href":"https:\/\/api.w.org\/{rel}","templated":true}]}}