{"id":1213,"date":"2022-06-01T15:57:00","date_gmt":"2022-06-01T10:57:00","guid":{"rendered":"https:\/\/fundacionbiosferas.org\/?p=1213"},"modified":"2022-07-10T19:58:18","modified_gmt":"2022-07-10T14:58:18","slug":"album-y-cromos-coleccionables","status":"publish","type":"post","link":"https:\/\/fundacionbiosferas.org\/index.php\/2022\/06\/01\/album-y-cromos-coleccionables\/","title":{"rendered":"\u00c1lbum  y cromos coleccionables"},"content":{"rendered":"\n<div class=\"wp-block-embedpress-document embedpress-document-embed ep-doc-embedpress-pdf-1657465015420\" style=\"height:600px;width:600px\"><div style=\"height:600px;width:600px\" class=\"embedpress-embed-document-pdf embedpress-pdf-1657465015420\" data-emid=\"embedpress-pdf-1657465015420\" data-emsrc=\"http:\/\/fundacionbiosferas.org\/wp-content\/uploads\/2022\/07\/Album-coleccionable-HuertoCircuitos-No1.pdf\"><\/div><p class=\"embedpress-el-powered\">Powered By EmbedPress<\/p><\/div>\n","protected":false},"excerpt":{"rendered":"","protected":false},"author":1,"featured_media":0,"comment_status":"open","ping_status":"open","sticky":false,"template":"","format":"standard","meta":{"footnotes":""},"categories":[1],"tags":[],"class_list":["post-1213","post","type-post","status-publish","format-standard","hentry","category-convocatorias","entry","owp-thumbs-layout-horizontal","owp-btn-normal","owp-tabs-layout-horizontal","has-no-thumbnails","has-product-nav"],"yoast_head":"<!-- This site is optimized with the Yoast SEO plugin v18.1 - https:\/\/yoast.com\/wordpress\/plugins\/seo\/ -->\n<title>\u00c1lbum y cromos coleccionables - Fundaci\u00f3n Biosferas<\/title>\n<meta name=\"robots\" content=\"index, follow, max-snippet:-1, max-image-preview:large, max-video-preview:-1\" \/>\n<link rel=\"canonical\" href=\"https:\/\/fundacionbiosferas.org\/index.php\/2022\/06\/01\/album-y-cromos-coleccionables\/\" \/>\n<meta property=\"og:locale\" content=\"es_ES\" \/>\n<meta property=\"og:type\" content=\"article\" \/>\n<meta property=\"og:title\" content=\"\u00c1lbum y cromos coleccionables - Fundaci\u00f3n Biosferas\" \/>\n<meta property=\"og:url\" content=\"https:\/\/fundacionbiosferas.org\/index.php\/2022\/06\/01\/album-y-cromos-coleccionables\/\" \/>\n<meta property=\"og:site_name\" content=\"Fundaci\u00f3n Biosferas\" \/>\n<meta property=\"article:author\" content=\"https:\/\/www.facebook.com\/Fundacin-Biosferas-103481892248118\" \/>\n<meta property=\"article:published_time\" content=\"2022-06-01T10:57:00+00:00\" \/>\n<meta property=\"article:modified_time\" content=\"2022-07-10T14:58:18+00:00\" \/>\n<meta property=\"og:image\" content=\"https:\/\/fundacionbiosferas.org\/wp-content\/uploads\/2022\/02\/cropped-Logo-texto-fondo-blanco-fundacion-biosferas.png\" \/>\n\t<meta property=\"og:image:width\" content=\"500\" \/>\n\t<meta property=\"og:image:height\" content=\"233\" \/>\n\t<meta property=\"og:image:type\" content=\"image\/png\" \/>\n<meta name=\"twitter:card\" content=\"summary_large_image\" \/>\n<meta name=\"twitter:label1\" content=\"Escrito por\" \/>\n\t<meta name=\"twitter:data1\" content=\"Fundaci\u00f3n Biosferas\" \/>\n\t<meta name=\"twitter:label2\" content=\"Tiempo de lectura\" \/>\n\t<meta name=\"twitter:data2\" content=\"1 minuto\" \/>\n<script type=\"application\/ld+json\" class=\"yoast-schema-graph\">{\"@context\":\"https:\/\/schema.org\",\"@graph\":[{\"@type\":\"Organization\",\"@id\":\"https:\/\/fundacionbiosferas.org\/#organization\",\"name\":\"Fundaci\u00f3n Biosferas\",\"url\":\"https:\/\/fundacionbiosferas.org\/\",\"sameAs\":[],\"logo\":{\"@type\":\"ImageObject\",\"@id\":\"https:\/\/fundacionbiosferas.org\/#logo\",\"inLanguage\":\"es\",\"url\":\"https:\/\/fundacionbiosferas.org\/wp-content\/uploads\/2022\/02\/cropped-Logo-texto-fondo-blanco-fundacion-biosferas.png\",\"contentUrl\":\"https:\/\/fundacionbiosferas.org\/wp-content\/uploads\/2022\/02\/cropped-Logo-texto-fondo-blanco-fundacion-biosferas.png\",\"width\":500,\"height\":233,\"caption\":\"Fundaci\u00f3n Biosferas\"},\"image\":{\"@id\":\"https:\/\/fundacionbiosferas.org\/#logo\"}},{\"@type\":\"WebSite\",\"@id\":\"https:\/\/fundacionbiosferas.org\/#website\",\"url\":\"https:\/\/fundacionbiosferas.org\/\",\"name\":\"Fundaci\u00f3n Biosferas\",\"description\":\"Fundaci\u00f3n sin \u00e1nimo de lucro, que busca construir comunidad promoviendo la reconexi\u00f3n socioambiental.\",\"publisher\":{\"@id\":\"https:\/\/fundacionbiosferas.org\/#organization\"},\"potentialAction\":[{\"@type\":\"SearchAction\",\"target\":{\"@type\":\"EntryPoint\",\"urlTemplate\":\"https:\/\/fundacionbiosferas.org\/?s={search_term_string}\"},\"query-input\":\"required name=search_term_string\"}],\"inLanguage\":\"es\"},{\"@type\":\"WebPage\",\"@id\":\"https:\/\/fundacionbiosferas.org\/index.php\/2022\/06\/01\/album-y-cromos-coleccionables\/#webpage\",\"url\":\"https:\/\/fundacionbiosferas.org\/index.php\/2022\/06\/01\/album-y-cromos-coleccionables\/\",\"name\":\"\u00c1lbum y cromos coleccionables - Fundaci\u00f3n Biosferas\",\"isPartOf\":{\"@id\":\"https:\/\/fundacionbiosferas.org\/#website\"},\"datePublished\":\"2022-06-01T10:57:00+00:00\",\"dateModified\":\"2022-07-10T14:58:18+00:00\",\"breadcrumb\":{\"@id\":\"https:\/\/fundacionbiosferas.org\/index.php\/2022\/06\/01\/album-y-cromos-coleccionables\/#breadcrumb\"},\"inLanguage\":\"es\",\"potentialAction\":[{\"@type\":\"ReadAction\",\"target\":[\"https:\/\/fundacionbiosferas.org\/index.php\/2022\/06\/01\/album-y-cromos-coleccionables\/\"]}]},{\"@type\":\"BreadcrumbList\",\"@id\":\"https:\/\/fundacionbiosferas.org\/index.php\/2022\/06\/01\/album-y-cromos-coleccionables\/#breadcrumb\",\"itemListElement\":[{\"@type\":\"ListItem\",\"position\":1,\"name\":\"Portada\",\"item\":\"https:\/\/fundacionbiosferas.org\/\"},{\"@type\":\"ListItem\",\"position\":2,\"name\":\"\u00c1lbum y cromos coleccionables\"}]},{\"@type\":\"Article\",\"@id\":\"https:\/\/fundacionbiosferas.org\/index.php\/2022\/06\/01\/album-y-cromos-coleccionables\/#article\",\"isPartOf\":{\"@id\":\"https:\/\/fundacionbiosferas.org\/index.php\/2022\/06\/01\/album-y-cromos-coleccionables\/#webpage\"},\"author\":{\"@id\":\"https:\/\/fundacionbiosferas.org\/#\/schema\/person\/4c5b627dabf1ae1b356b4d2309ecb438\"},\"headline\":\"\u00c1lbum y cromos coleccionables\",\"datePublished\":\"2022-06-01T10:57:00+00:00\",\"dateModified\":\"2022-07-10T14:58:18+00:00\",\"mainEntityOfPage\":{\"@id\":\"https:\/\/fundacionbiosferas.org\/index.php\/2022\/06\/01\/album-y-cromos-coleccionables\/#webpage\"},\"wordCount\":7,\"commentCount\":0,\"publisher\":{\"@id\":\"https:\/\/fundacionbiosferas.org\/#organization\"},\"articleSection\":[\"Convocatorias\"],\"inLanguage\":\"es\",\"potentialAction\":[{\"@type\":\"CommentAction\",\"name\":\"Comment\",\"target\":[\"https:\/\/fundacionbiosferas.org\/index.php\/2022\/06\/01\/album-y-cromos-coleccionables\/#respond\"]}]},{\"@type\":\"Person\",\"@id\":\"https:\/\/fundacionbiosferas.org\/#\/schema\/person\/4c5b627dabf1ae1b356b4d2309ecb438\",\"name\":\"Fundaci\u00f3n Biosferas\",\"image\":{\"@type\":\"ImageObject\",\"@id\":\"https:\/\/fundacionbiosferas.org\/#personlogo\",\"inLanguage\":\"es\",\"url\":\"https:\/\/secure.gravatar.com\/avatar\/9ec84cd2aae348a65c0e6bfc1712bb19d1c65841673d43248628d1eb9c1bde07?s=96&d=mm&r=g\",\"contentUrl\":\"https:\/\/secure.gravatar.com\/avatar\/9ec84cd2aae348a65c0e6bfc1712bb19d1c65841673d43248628d1eb9c1bde07?s=96&d=mm&r=g\",\"caption\":\"Fundaci\u00f3n Biosferas\"},\"sameAs\":[\"http:\/\/fundacionbiosferas.org\",\"https:\/\/www.facebook.com\/Fundacin-Biosferas-103481892248118\",\"https:\/\/www.instagram.com\/fundacionbiosferas\/\",\"https:\/\/www.youtube.com\/channel\/UCp_tR3iAI6tXXDMUuiSEF0g\"],\"url\":\"https:\/\/fundacionbiosferas.org\/index.php\/author\/fundacionbiosferas\/\"}]}<\/script>\n<!-- \/ Yoast SEO plugin. -->","yoast_head_json":{"title":"\u00c1lbum y cromos coleccionables - Fundaci\u00f3n Biosferas","robots":{"index":"index","follow":"follow","max-snippet":"max-snippet:-1","max-image-preview":"max-image-preview:large","max-video-preview":"max-video-preview:-1"},"canonical":"https:\/\/fundacionbiosferas.org\/index.php\/2022\/06\/01\/album-y-cromos-coleccionables\/","og_locale":"es_ES","og_type":"article","og_title":"\u00c1lbum y cromos coleccionables - Fundaci\u00f3n Biosferas","og_url":"https:\/\/fundacionbiosferas.org\/index.php\/2022\/06\/01\/album-y-cromos-coleccionables\/","og_site_name":"Fundaci\u00f3n Biosferas","article_author":"https:\/\/www.facebook.com\/Fundacin-Biosferas-103481892248118","article_published_time":"2022-06-01T10:57:00+00:00","article_modified_time":"2022-07-10T14:58:18+00:00","og_image":[{"width":500,"height":233,"url":"https:\/\/fundacionbiosferas.org\/wp-content\/uploads\/2022\/02\/cropped-Logo-texto-fondo-blanco-fundacion-biosferas.png","type":"image\/png"}],"twitter_card":"summary_large_image","twitter_misc":{"Escrito por":"Fundaci\u00f3n Biosferas","Tiempo de lectura":"1 minuto"},"schema":{"@context":"https:\/\/schema.org","@graph":[{"@type":"Organization","@id":"https:\/\/fundacionbiosferas.org\/#organization","name":"Fundaci\u00f3n Biosferas","url":"https:\/\/fundacionbiosferas.org\/","sameAs":[],"logo":{"@type":"ImageObject","@id":"https:\/\/fundacionbiosferas.org\/#logo","inLanguage":"es","url":"https:\/\/fundacionbiosferas.org\/wp-content\/uploads\/2022\/02\/cropped-Logo-texto-fondo-blanco-fundacion-biosferas.png","contentUrl":"https:\/\/fundacionbiosferas.org\/wp-content\/uploads\/2022\/02\/cropped-Logo-texto-fondo-blanco-fundacion-biosferas.png","width":500,"height":233,"caption":"Fundaci\u00f3n Biosferas"},"image":{"@id":"https:\/\/fundacionbiosferas.org\/#logo"}},{"@type":"WebSite","@id":"https:\/\/fundacionbiosferas.org\/#website","url":"https:\/\/fundacionbiosferas.org\/","name":"Fundaci\u00f3n Biosferas","description":"Fundaci\u00f3n sin \u00e1nimo de lucro, que busca construir comunidad promoviendo la reconexi\u00f3n socioambiental.","publisher":{"@id":"https:\/\/fundacionbiosferas.org\/#organization"},"potentialAction":[{"@type":"SearchAction","target":{"@type":"EntryPoint","urlTemplate":"https:\/\/fundacionbiosferas.org\/?s={search_term_string}"},"query-input":"required name=search_term_string"}],"inLanguage":"es"},{"@type":"WebPage","@id":"https:\/\/fundacionbiosferas.org\/index.php\/2022\/06\/01\/album-y-cromos-coleccionables\/#webpage","url":"https:\/\/fundacionbiosferas.org\/index.php\/2022\/06\/01\/album-y-cromos-coleccionables\/","name":"\u00c1lbum y cromos coleccionables - Fundaci\u00f3n Biosferas","isPartOf":{"@id":"https:\/\/fundacionbiosferas.org\/#website"},"datePublished":"2022-06-01T10:57:00+00:00","dateModified":"2022-07-10T14:58:18+00:00","breadcrumb":{"@id":"https:\/\/fundacionbiosferas.org\/index.php\/2022\/06\/01\/album-y-cromos-coleccionables\/#breadcrumb"},"inLanguage":"es","potentialAction":[{"@type":"ReadAction","target":["https:\/\/fundacionbiosferas.org\/index.php\/2022\/06\/01\/album-y-cromos-coleccionables\/"]}]},{"@type":"BreadcrumbList","@id":"https:\/\/fundacionbiosferas.org\/index.php\/2022\/06\/01\/album-y-cromos-coleccionables\/#breadcrumb","itemListElement":[{"@type":"ListItem","position":1,"name":"Portada","item":"https:\/\/fundacionbiosferas.org\/"},{"@type":"ListItem","position":2,"name":"\u00c1lbum y cromos coleccionables"}]},{"@type":"Article","@id":"https:\/\/fundacionbiosferas.org\/index.php\/2022\/06\/01\/album-y-cromos-coleccionables\/#article","isPartOf":{"@id":"https:\/\/fundacionbiosferas.org\/index.php\/2022\/06\/01\/album-y-cromos-coleccionables\/#webpage"},"author":{"@id":"https:\/\/fundacionbiosferas.org\/#\/schema\/person\/4c5b627dabf1ae1b356b4d2309ecb438"},"headline":"\u00c1lbum y cromos coleccionables","datePublished":"2022-06-01T10:57:00+00:00","dateModified":"2022-07-10T14:58:18+00:00","mainEntityOfPage":{"@id":"https:\/\/fundacionbiosferas.org\/index.php\/2022\/06\/01\/album-y-cromos-coleccionables\/#webpage"},"wordCount":7,"commentCount":0,"publisher":{"@id":"https:\/\/fundacionbiosferas.org\/#organization"},"articleSection":["Convocatorias"],"inLanguage":"es","potentialAction":[{"@type":"CommentAction","name":"Comment","target":["https:\/\/fundacionbiosferas.org\/index.php\/2022\/06\/01\/album-y-cromos-coleccionables\/#respond"]}]},{"@type":"Person","@id":"https:\/\/fundacionbiosferas.org\/#\/schema\/person\/4c5b627dabf1ae1b356b4d2309ecb438","name":"Fundaci\u00f3n Biosferas","image":{"@type":"ImageObject","@id":"https:\/\/fundacionbiosferas.org\/#personlogo","inLanguage":"es","url":"https:\/\/secure.gravatar.com\/avatar\/9ec84cd2aae348a65c0e6bfc1712bb19d1c65841673d43248628d1eb9c1bde07?s=96&d=mm&r=g","contentUrl":"https:\/\/secure.gravatar.com\/avatar\/9ec84cd2aae348a65c0e6bfc1712bb19d1c65841673d43248628d1eb9c1bde07?s=96&d=mm&r=g","caption":"Fundaci\u00f3n Biosferas"},"sameAs":["http:\/\/fundacionbiosferas.org","https:\/\/www.facebook.com\/Fundacin-Biosferas-103481892248118","https:\/\/www.instagram.com\/fundacionbiosferas\/","https:\/\/www.youtube.com\/channel\/UCp_tR3iAI6tXXDMUuiSEF0g"],"url":"https:\/\/fundacionbiosferas.org\/index.php\/author\/fundacionbiosferas\/"}]}},"_links":{"self":[{"href":"https:\/\/fundacionbiosferas.org\/index.php\/wp-json\/wp\/v2\/posts\/1213","targetHints":{"allow":["GET"]}}],"collection":[{"href":"https:\/\/fundacionbiosferas.org\/index.php\/wp-json\/wp\/v2\/posts"}],"about":[{"href":"https:\/\/fundacionbiosferas.org\/index.php\/wp-json\/wp\/v2\/types\/post"}],"author":[{"embeddable":true,"href":"https:\/\/fundacionbiosferas.org\/index.php\/wp-json\/wp\/v2\/users\/1"}],"replies":[{"embeddable":true,"href":"https:\/\/fundacionbiosferas.org\/index.php\/wp-json\/wp\/v2\/comments?post=1213"}],"version-history":[{"count":1,"href":"https:\/\/fundacionbiosferas.org\/index.php\/wp-json\/wp\/v2\/posts\/1213\/revisions"}],"predecessor-version":[{"id":1215,"href":"https:\/\/fundacionbiosferas.org\/index.php\/wp-json\/wp\/v2\/posts\/1213\/revisions\/1215"}],"wp:attachment":[{"href":"https:\/\/fundacionbiosferas.org\/index.php\/wp-json\/wp\/v2\/media?parent=1213"}],"wp:term":[{"taxonomy":"category","embeddable":true,"href":"https:\/\/fundacionbiosferas.org\/index.php\/wp-json\/wp\/v2\/categories?post=1213"},{"taxonomy":"post_tag","embeddable":true,"href":"https:\/\/fundacionbiosferas.org\/index.php\/wp-json\/wp\/v2\/tags?post=1213"}],"curies":[{"name":"wp","href":"https:\/\/api.w.org\/{rel}","templated":true}]}}