{"id":616,"date":"2022-02-17T10:49:49","date_gmt":"2022-02-17T05:49:49","guid":{"rendered":"https:\/\/fundacionbiosferas.org\/?p=616"},"modified":"2022-05-24T14:32:05","modified_gmt":"2022-05-24T09:32:05","slug":"huertocircuitos-pa-2022","status":"publish","type":"post","link":"https:\/\/fundacionbiosferas.org\/index.php\/2022\/02\/17\/huertocircuitos-pa-2022\/","title":{"rendered":"HuertoCircuitos por Puente Aranda. \u00a1Inscr\u00edbete!"},"content":{"rendered":"\n<figure class=\"wp-block-image size-large\"><img decoding=\"async\" width=\"1024\" height=\"731\" src=\"http:\/\/fundacionbiosferas.org\/wp-content\/uploads\/2022\/02\/mapa-HuertoCircuitos-maranja-sencillo-1024x731.png\" alt=\"\" class=\"wp-image-437\" srcset=\"https:\/\/fundacionbiosferas.org\/wp-content\/uploads\/2022\/02\/mapa-HuertoCircuitos-maranja-sencillo-1024x731.png 1024w, https:\/\/fundacionbiosferas.org\/wp-content\/uploads\/2022\/02\/mapa-HuertoCircuitos-maranja-sencillo-300x214.png 300w, https:\/\/fundacionbiosferas.org\/wp-content\/uploads\/2022\/02\/mapa-HuertoCircuitos-maranja-sencillo-768x548.png 768w, https:\/\/fundacionbiosferas.org\/wp-content\/uploads\/2022\/02\/mapa-HuertoCircuitos-maranja-sencillo-1536x1097.png 1536w, https:\/\/fundacionbiosferas.org\/wp-content\/uploads\/2022\/02\/mapa-HuertoCircuitos-maranja-sencillo-600x428.png 600w, https:\/\/fundacionbiosferas.org\/wp-content\/uploads\/2022\/02\/mapa-HuertoCircuitos-maranja-sencillo.png 2000w\" sizes=\"(max-width: 1024px) 100vw, 1024px\" \/><\/figure>\n\n\n\n<div class=\"wp-block-columns is-layout-flex wp-container-core-columns-is-layout-9d6595d7 wp-block-columns-is-layout-flex\">\n<div class=\"wp-block-column is-layout-flow wp-block-column-is-layout-flow\">\n<p><\/p>\n<\/div>\n\n\n\n<div class=\"wp-block-column is-layout-flow wp-block-column-is-layout-flow\">\n<p><\/p>\n<\/div>\n<\/div>\n\n\n\n<h2 class=\"has-text-align-center wp-block-heading\" id=\"huertocircuitos\">HuertoCircuitos<\/h2>\n\n\n\n<blockquote class=\"wp-block-quote has-text-align-center is-layout-flow wp-block-quote-is-layout-flow\"><p><strong>Circuitos agroecotur\u00edsticos por Puente Aranda 2022<\/strong><\/p><\/blockquote>\n\n\n\n<p class=\"has-text-align-center\"><strong>\u00a1Invitamos a huerter@s urbanos, organizaciones, artistas, agrupaciones culturales y l\u00edderes del territorio a participar de la primera versi\u00f3n de <em><a href=\"http:\/\/huertocircuitos.fundacionbiosferas.org\/\">HuertoCircuitos <\/a><\/em>con el desarrollo de &#8220;Circuitos agroecotur\u00edsticos por Puente Aranda &#8211; 2022&#8221;!<\/strong><\/p>\n\n\n\n<p class=\"has-text-align-left\"><br><em><strong><a class=\"docs-creator\" href=\"http:\/\/huertocircuitos.fundacionbiosferas.org\/\">HuertoCircuitos<\/a><\/strong><\/em>, es una estrategia para visibilizar los procesos comunitarios y colectivos en pro de la gesti\u00f3n y apropiaci\u00f3n responsable de los territorios, reivindicando derechos colectivos y la incidencia de las acciones sobre el fortalecimiento y reconstrucci\u00f3n del tejido social, clave para un desarrollo ambiental sostenible y sustentable de la sociedad.<\/p>\n\n\n\n<p>Para el desarrollo del proyecto se vincular\u00e1n y recibir\u00e1n un est\u00edmulo por su participaci\u00f3n a:<br><strong>A) 10 huertas urbanas de la localidad de Puente Aranda<\/strong><\/p>\n\n\n\n<p><strong>B) 6 coordinadores de talleres\/laboratorios<\/strong><\/p>\n\n\n\n<p><strong>C) 9 artistas\/agrupaciones culturales<\/strong><\/p>\n\n\n\n<p><strong>D)<\/strong> <strong>16 representantes del sector gastron\u00f3mico participantes de los desaf\u00edos culinarios<\/strong><\/p>\n\n\n\n<div style=\"height:23px\" aria-hidden=\"true\" class=\"wp-block-spacer\"><\/div>\n\n\n\n<p>*<strong>** \u00bfQu\u00e9 debes tener en cuenta? (IMPORTANTE) ***<\/strong><br>1) Los interesados pueden registrarse en varias categor\u00edas, llenando un formulario individual por cada categor\u00eda.<br>2) La convocatoria cierra el d\u00eda mi\u00e9rcoles 1 de marzo de 2022 a las 8 PM Hora colombiana.<br>3) Completar este formulario es indispensable para participar, pero no garantiza que ya est\u00e9s vinculado.<br>4) Se priorizar\u00e1n a los participantes de la Localidad de Puente Aranda<br>5) Los resultados se har\u00e1n p\u00fablicos el d\u00eda jueves 3 de marzo a las 8PM a trav\u00e9s de la p\u00e1gina web y env\u00edo a los correos registrados.<br>6) Ser parte de la iniciativa implica el compromiso de participar de las actividades programadas, reuniones previas y al menos uno de los recorridos programados en el marco de la agenda del proyecto.<br>7) Toda la parrilla de programaci\u00f3n se desarrollar\u00e1 durante el mes de marzo\/abril de 2022.<\/p>\n\n\n\n<div style=\"height:35px\" aria-hidden=\"true\" class=\"wp-block-spacer\"><\/div>\n\n\n\n<div class=\"wp-block-buttons is-layout-flex wp-block-buttons-is-layout-flex\">\n<div class=\"wp-block-button aligncenter\"><a class=\"wp-block-button__link has-white-color has-text-color has-background\" href=\"https:\/\/forms.gle\/V2hn678evigAmcb46\" style=\"background-color:#84c340\">Inscr\u00edbete<\/a><\/div>\n<\/div>\n\n\n\n<div style=\"height:44px\" aria-hidden=\"true\" class=\"wp-block-spacer\"><\/div>\n\n\n\n<p class=\"has-text-align-center\">\u00a1\u00a1 <strong>AN\u00cdMATE A SER PARTE DE ESTA ESTRATEGIA ART\u00cdSTICA, CULTURAL Y AMBIENTAL DE LA LOCALIDAD!!<\/strong><\/p>\n\n\n\n<div style=\"height:29px\" aria-hidden=\"true\" class=\"wp-block-spacer\"><\/div>\n\n\n\n<p>Esta iniciativa es liderada por Fundaci\u00f3n Biosferas, con el apoyo del PNUD y la Alcald\u00eda Local de Puente Aranda en el marco de la ejecuci\u00f3n de Presupuestos Participativos 2020.<\/p>\n\n\n\n<p>Para mayor informaci\u00f3n:<\/p>\n\n\n\n<p>Facebook: @Fundaci\u00f3nBiosferas<br>Web: <a href=\"http:\/\/fundacionbiosferas.org\/\">http:\/\/fundacionbiosferas.org\/<\/a><br>Correo: <a href=\"mailto:huertocircuitos@fundacionbiosferas.org\" target=\"_blank\" rel=\"noreferrer noopener\">huertocircuitos@fundacionbiosferas.org<\/a><br>WhatsApp: <a href=\"https:\/\/wa.me\/573182717527\">3182717527<\/a><\/p>\n","protected":false},"excerpt":{"rendered":"<p>\u00a1Invitamos a huerter@s urbanos, organizaciones, artistas, agrupaciones culturales y l\u00edderes del territorio a participar de la primera versi\u00f3n de HuertoCircuitos con el desarrollo de &#8220;Circuitos agroecotur\u00edsticos por Puente Aranda &#8211; 2022&#8221;!<\/p>\n","protected":false},"author":1,"featured_media":580,"comment_status":"open","ping_status":"open","sticky":false,"template":"","format":"standard","meta":{"footnotes":""},"categories":[1],"tags":[34,33,32,31],"class_list":["post-616","post","type-post","status-publish","format-standard","has-post-thumbnail","hentry","category-convocatorias","tag-artes","tag-cultura","tag-huertas","tag-huertocircuitos","entry","has-media","owp-thumbs-layout-horizontal","owp-btn-normal","owp-tabs-layout-horizontal","has-no-thumbnails","has-product-nav"],"yoast_head":"<!-- This site is optimized with the Yoast SEO plugin v18.1 - https:\/\/yoast.com\/wordpress\/plugins\/seo\/ -->\n<title>HuertoCircuitos por Puente Aranda. \u00a1Inscr\u00edbete! - Fundaci\u00f3n Biosferas<\/title>\n<meta name=\"robots\" content=\"index, follow, max-snippet:-1, max-image-preview:large, max-video-preview:-1\" \/>\n<link rel=\"canonical\" href=\"https:\/\/fundacionbiosferas.org\/index.php\/2022\/02\/17\/huertocircuitos-pa-2022\/\" \/>\n<meta property=\"og:locale\" content=\"es_ES\" \/>\n<meta property=\"og:type\" content=\"article\" \/>\n<meta property=\"og:title\" content=\"HuertoCircuitos por Puente Aranda. \u00a1Inscr\u00edbete! - Fundaci\u00f3n Biosferas\" \/>\n<meta property=\"og:description\" content=\"\u00a1Invitamos a huerter@s urbanos, organizaciones, artistas, agrupaciones culturales y l\u00edderes del territorio a participar de la primera versi\u00f3n de HuertoCircuitos con el desarrollo de &quot;Circuitos agroecotur\u00edsticos por Puente Aranda - 2022&quot;!\" \/>\n<meta property=\"og:url\" content=\"https:\/\/fundacionbiosferas.org\/index.php\/2022\/02\/17\/huertocircuitos-pa-2022\/\" \/>\n<meta property=\"og:site_name\" content=\"Fundaci\u00f3n Biosferas\" \/>\n<meta property=\"article:author\" content=\"https:\/\/www.facebook.com\/Fundacin-Biosferas-103481892248118\" \/>\n<meta property=\"article:published_time\" content=\"2022-02-17T05:49:49+00:00\" \/>\n<meta property=\"article:modified_time\" content=\"2022-05-24T09:32:05+00:00\" \/>\n<meta property=\"og:image\" content=\"http:\/\/fundacionbiosferas.org\/wp-content\/uploads\/2022\/02\/P_20190711_093611.jpg\" \/>\n\t<meta property=\"og:image:width\" content=\"1920\" \/>\n\t<meta property=\"og:image:height\" content=\"1080\" \/>\n\t<meta property=\"og:image:type\" content=\"image\/jpeg\" \/>\n<meta name=\"twitter:card\" content=\"summary_large_image\" \/>\n<meta name=\"twitter:label1\" content=\"Escrito por\" \/>\n\t<meta name=\"twitter:data1\" content=\"Fundaci\u00f3n Biosferas\" \/>\n\t<meta name=\"twitter:label2\" content=\"Tiempo de lectura\" \/>\n\t<meta name=\"twitter:data2\" content=\"2 minutos\" \/>\n<script type=\"application\/ld+json\" class=\"yoast-schema-graph\">{\"@context\":\"https:\/\/schema.org\",\"@graph\":[{\"@type\":\"Organization\",\"@id\":\"https:\/\/fundacionbiosferas.org\/#organization\",\"name\":\"Fundaci\u00f3n Biosferas\",\"url\":\"https:\/\/fundacionbiosferas.org\/\",\"sameAs\":[],\"logo\":{\"@type\":\"ImageObject\",\"@id\":\"https:\/\/fundacionbiosferas.org\/#logo\",\"inLanguage\":\"es\",\"url\":\"https:\/\/fundacionbiosferas.org\/wp-content\/uploads\/2022\/02\/cropped-Logo-texto-fondo-blanco-fundacion-biosferas.png\",\"contentUrl\":\"https:\/\/fundacionbiosferas.org\/wp-content\/uploads\/2022\/02\/cropped-Logo-texto-fondo-blanco-fundacion-biosferas.png\",\"width\":500,\"height\":233,\"caption\":\"Fundaci\u00f3n Biosferas\"},\"image\":{\"@id\":\"https:\/\/fundacionbiosferas.org\/#logo\"}},{\"@type\":\"WebSite\",\"@id\":\"https:\/\/fundacionbiosferas.org\/#website\",\"url\":\"https:\/\/fundacionbiosferas.org\/\",\"name\":\"Fundaci\u00f3n Biosferas\",\"description\":\"Fundaci\u00f3n sin \u00e1nimo de lucro, que busca construir comunidad promoviendo la reconexi\u00f3n socioambiental.\",\"publisher\":{\"@id\":\"https:\/\/fundacionbiosferas.org\/#organization\"},\"potentialAction\":[{\"@type\":\"SearchAction\",\"target\":{\"@type\":\"EntryPoint\",\"urlTemplate\":\"https:\/\/fundacionbiosferas.org\/?s={search_term_string}\"},\"query-input\":\"required name=search_term_string\"}],\"inLanguage\":\"es\"},{\"@type\":\"ImageObject\",\"@id\":\"https:\/\/fundacionbiosferas.org\/index.php\/2022\/02\/17\/huertocircuitos-pa-2022\/#primaryimage\",\"inLanguage\":\"es\",\"url\":\"https:\/\/fundacionbiosferas.org\/wp-content\/uploads\/2022\/02\/P_20190711_093611.jpg\",\"contentUrl\":\"https:\/\/fundacionbiosferas.org\/wp-content\/uploads\/2022\/02\/P_20190711_093611.jpg\",\"width\":1920,\"height\":1080},{\"@type\":\"WebPage\",\"@id\":\"https:\/\/fundacionbiosferas.org\/index.php\/2022\/02\/17\/huertocircuitos-pa-2022\/#webpage\",\"url\":\"https:\/\/fundacionbiosferas.org\/index.php\/2022\/02\/17\/huertocircuitos-pa-2022\/\",\"name\":\"HuertoCircuitos por Puente Aranda. \u00a1Inscr\u00edbete! - Fundaci\u00f3n Biosferas\",\"isPartOf\":{\"@id\":\"https:\/\/fundacionbiosferas.org\/#website\"},\"primaryImageOfPage\":{\"@id\":\"https:\/\/fundacionbiosferas.org\/index.php\/2022\/02\/17\/huertocircuitos-pa-2022\/#primaryimage\"},\"datePublished\":\"2022-02-17T05:49:49+00:00\",\"dateModified\":\"2022-05-24T09:32:05+00:00\",\"breadcrumb\":{\"@id\":\"https:\/\/fundacionbiosferas.org\/index.php\/2022\/02\/17\/huertocircuitos-pa-2022\/#breadcrumb\"},\"inLanguage\":\"es\",\"potentialAction\":[{\"@type\":\"ReadAction\",\"target\":[\"https:\/\/fundacionbiosferas.org\/index.php\/2022\/02\/17\/huertocircuitos-pa-2022\/\"]}]},{\"@type\":\"BreadcrumbList\",\"@id\":\"https:\/\/fundacionbiosferas.org\/index.php\/2022\/02\/17\/huertocircuitos-pa-2022\/#breadcrumb\",\"itemListElement\":[{\"@type\":\"ListItem\",\"position\":1,\"name\":\"Portada\",\"item\":\"https:\/\/fundacionbiosferas.org\/\"},{\"@type\":\"ListItem\",\"position\":2,\"name\":\"HuertoCircuitos por Puente Aranda. \u00a1Inscr\u00edbete!\"}]},{\"@type\":\"Article\",\"@id\":\"https:\/\/fundacionbiosferas.org\/index.php\/2022\/02\/17\/huertocircuitos-pa-2022\/#article\",\"isPartOf\":{\"@id\":\"https:\/\/fundacionbiosferas.org\/index.php\/2022\/02\/17\/huertocircuitos-pa-2022\/#webpage\"},\"author\":{\"@id\":\"https:\/\/fundacionbiosferas.org\/#\/schema\/person\/4c5b627dabf1ae1b356b4d2309ecb438\"},\"headline\":\"HuertoCircuitos por Puente Aranda. \u00a1Inscr\u00edbete!\",\"datePublished\":\"2022-02-17T05:49:49+00:00\",\"dateModified\":\"2022-05-24T09:32:05+00:00\",\"mainEntityOfPage\":{\"@id\":\"https:\/\/fundacionbiosferas.org\/index.php\/2022\/02\/17\/huertocircuitos-pa-2022\/#webpage\"},\"wordCount\":355,\"commentCount\":0,\"publisher\":{\"@id\":\"https:\/\/fundacionbiosferas.org\/#organization\"},\"image\":{\"@id\":\"https:\/\/fundacionbiosferas.org\/index.php\/2022\/02\/17\/huertocircuitos-pa-2022\/#primaryimage\"},\"thumbnailUrl\":\"https:\/\/fundacionbiosferas.org\/wp-content\/uploads\/2022\/02\/P_20190711_093611.jpg\",\"keywords\":[\"Artes\",\"Cultura\",\"Huertas urbanas\",\"HuertoCircuitos\"],\"articleSection\":[\"Convocatorias\"],\"inLanguage\":\"es\",\"potentialAction\":[{\"@type\":\"CommentAction\",\"name\":\"Comment\",\"target\":[\"https:\/\/fundacionbiosferas.org\/index.php\/2022\/02\/17\/huertocircuitos-pa-2022\/#respond\"]}]},{\"@type\":\"Person\",\"@id\":\"https:\/\/fundacionbiosferas.org\/#\/schema\/person\/4c5b627dabf1ae1b356b4d2309ecb438\",\"name\":\"Fundaci\u00f3n Biosferas\",\"image\":{\"@type\":\"ImageObject\",\"@id\":\"https:\/\/fundacionbiosferas.org\/#personlogo\",\"inLanguage\":\"es\",\"url\":\"https:\/\/secure.gravatar.com\/avatar\/9ec84cd2aae348a65c0e6bfc1712bb19d1c65841673d43248628d1eb9c1bde07?s=96&d=mm&r=g\",\"contentUrl\":\"https:\/\/secure.gravatar.com\/avatar\/9ec84cd2aae348a65c0e6bfc1712bb19d1c65841673d43248628d1eb9c1bde07?s=96&d=mm&r=g\",\"caption\":\"Fundaci\u00f3n Biosferas\"},\"sameAs\":[\"http:\/\/fundacionbiosferas.org\",\"https:\/\/www.facebook.com\/Fundacin-Biosferas-103481892248118\",\"https:\/\/www.instagram.com\/fundacionbiosferas\/\",\"https:\/\/www.youtube.com\/channel\/UCp_tR3iAI6tXXDMUuiSEF0g\"],\"url\":\"https:\/\/fundacionbiosferas.org\/index.php\/author\/fundacionbiosferas\/\"}]}<\/script>\n<!-- \/ Yoast SEO plugin. -->","yoast_head_json":{"title":"HuertoCircuitos por Puente Aranda. \u00a1Inscr\u00edbete! - Fundaci\u00f3n Biosferas","robots":{"index":"index","follow":"follow","max-snippet":"max-snippet:-1","max-image-preview":"max-image-preview:large","max-video-preview":"max-video-preview:-1"},"canonical":"https:\/\/fundacionbiosferas.org\/index.php\/2022\/02\/17\/huertocircuitos-pa-2022\/","og_locale":"es_ES","og_type":"article","og_title":"HuertoCircuitos por Puente Aranda. \u00a1Inscr\u00edbete! - Fundaci\u00f3n Biosferas","og_description":"\u00a1Invitamos a huerter@s urbanos, organizaciones, artistas, agrupaciones culturales y l\u00edderes del territorio a participar de la primera versi\u00f3n de HuertoCircuitos con el desarrollo de \"Circuitos agroecotur\u00edsticos por Puente Aranda - 2022\"!","og_url":"https:\/\/fundacionbiosferas.org\/index.php\/2022\/02\/17\/huertocircuitos-pa-2022\/","og_site_name":"Fundaci\u00f3n Biosferas","article_author":"https:\/\/www.facebook.com\/Fundacin-Biosferas-103481892248118","article_published_time":"2022-02-17T05:49:49+00:00","article_modified_time":"2022-05-24T09:32:05+00:00","og_image":[{"width":1920,"height":1080,"url":"http:\/\/fundacionbiosferas.org\/wp-content\/uploads\/2022\/02\/P_20190711_093611.jpg","type":"image\/jpeg"}],"twitter_card":"summary_large_image","twitter_misc":{"Escrito por":"Fundaci\u00f3n Biosferas","Tiempo de lectura":"2 minutos"},"schema":{"@context":"https:\/\/schema.org","@graph":[{"@type":"Organization","@id":"https:\/\/fundacionbiosferas.org\/#organization","name":"Fundaci\u00f3n Biosferas","url":"https:\/\/fundacionbiosferas.org\/","sameAs":[],"logo":{"@type":"ImageObject","@id":"https:\/\/fundacionbiosferas.org\/#logo","inLanguage":"es","url":"https:\/\/fundacionbiosferas.org\/wp-content\/uploads\/2022\/02\/cropped-Logo-texto-fondo-blanco-fundacion-biosferas.png","contentUrl":"https:\/\/fundacionbiosferas.org\/wp-content\/uploads\/2022\/02\/cropped-Logo-texto-fondo-blanco-fundacion-biosferas.png","width":500,"height":233,"caption":"Fundaci\u00f3n Biosferas"},"image":{"@id":"https:\/\/fundacionbiosferas.org\/#logo"}},{"@type":"WebSite","@id":"https:\/\/fundacionbiosferas.org\/#website","url":"https:\/\/fundacionbiosferas.org\/","name":"Fundaci\u00f3n Biosferas","description":"Fundaci\u00f3n sin \u00e1nimo de lucro, que busca construir comunidad promoviendo la reconexi\u00f3n socioambiental.","publisher":{"@id":"https:\/\/fundacionbiosferas.org\/#organization"},"potentialAction":[{"@type":"SearchAction","target":{"@type":"EntryPoint","urlTemplate":"https:\/\/fundacionbiosferas.org\/?s={search_term_string}"},"query-input":"required name=search_term_string"}],"inLanguage":"es"},{"@type":"ImageObject","@id":"https:\/\/fundacionbiosferas.org\/index.php\/2022\/02\/17\/huertocircuitos-pa-2022\/#primaryimage","inLanguage":"es","url":"https:\/\/fundacionbiosferas.org\/wp-content\/uploads\/2022\/02\/P_20190711_093611.jpg","contentUrl":"https:\/\/fundacionbiosferas.org\/wp-content\/uploads\/2022\/02\/P_20190711_093611.jpg","width":1920,"height":1080},{"@type":"WebPage","@id":"https:\/\/fundacionbiosferas.org\/index.php\/2022\/02\/17\/huertocircuitos-pa-2022\/#webpage","url":"https:\/\/fundacionbiosferas.org\/index.php\/2022\/02\/17\/huertocircuitos-pa-2022\/","name":"HuertoCircuitos por Puente Aranda. \u00a1Inscr\u00edbete! - Fundaci\u00f3n Biosferas","isPartOf":{"@id":"https:\/\/fundacionbiosferas.org\/#website"},"primaryImageOfPage":{"@id":"https:\/\/fundacionbiosferas.org\/index.php\/2022\/02\/17\/huertocircuitos-pa-2022\/#primaryimage"},"datePublished":"2022-02-17T05:49:49+00:00","dateModified":"2022-05-24T09:32:05+00:00","breadcrumb":{"@id":"https:\/\/fundacionbiosferas.org\/index.php\/2022\/02\/17\/huertocircuitos-pa-2022\/#breadcrumb"},"inLanguage":"es","potentialAction":[{"@type":"ReadAction","target":["https:\/\/fundacionbiosferas.org\/index.php\/2022\/02\/17\/huertocircuitos-pa-2022\/"]}]},{"@type":"BreadcrumbList","@id":"https:\/\/fundacionbiosferas.org\/index.php\/2022\/02\/17\/huertocircuitos-pa-2022\/#breadcrumb","itemListElement":[{"@type":"ListItem","position":1,"name":"Portada","item":"https:\/\/fundacionbiosferas.org\/"},{"@type":"ListItem","position":2,"name":"HuertoCircuitos por Puente Aranda. \u00a1Inscr\u00edbete!"}]},{"@type":"Article","@id":"https:\/\/fundacionbiosferas.org\/index.php\/2022\/02\/17\/huertocircuitos-pa-2022\/#article","isPartOf":{"@id":"https:\/\/fundacionbiosferas.org\/index.php\/2022\/02\/17\/huertocircuitos-pa-2022\/#webpage"},"author":{"@id":"https:\/\/fundacionbiosferas.org\/#\/schema\/person\/4c5b627dabf1ae1b356b4d2309ecb438"},"headline":"HuertoCircuitos por Puente Aranda. \u00a1Inscr\u00edbete!","datePublished":"2022-02-17T05:49:49+00:00","dateModified":"2022-05-24T09:32:05+00:00","mainEntityOfPage":{"@id":"https:\/\/fundacionbiosferas.org\/index.php\/2022\/02\/17\/huertocircuitos-pa-2022\/#webpage"},"wordCount":355,"commentCount":0,"publisher":{"@id":"https:\/\/fundacionbiosferas.org\/#organization"},"image":{"@id":"https:\/\/fundacionbiosferas.org\/index.php\/2022\/02\/17\/huertocircuitos-pa-2022\/#primaryimage"},"thumbnailUrl":"https:\/\/fundacionbiosferas.org\/wp-content\/uploads\/2022\/02\/P_20190711_093611.jpg","keywords":["Artes","Cultura","Huertas urbanas","HuertoCircuitos"],"articleSection":["Convocatorias"],"inLanguage":"es","potentialAction":[{"@type":"CommentAction","name":"Comment","target":["https:\/\/fundacionbiosferas.org\/index.php\/2022\/02\/17\/huertocircuitos-pa-2022\/#respond"]}]},{"@type":"Person","@id":"https:\/\/fundacionbiosferas.org\/#\/schema\/person\/4c5b627dabf1ae1b356b4d2309ecb438","name":"Fundaci\u00f3n Biosferas","image":{"@type":"ImageObject","@id":"https:\/\/fundacionbiosferas.org\/#personlogo","inLanguage":"es","url":"https:\/\/secure.gravatar.com\/avatar\/9ec84cd2aae348a65c0e6bfc1712bb19d1c65841673d43248628d1eb9c1bde07?s=96&d=mm&r=g","contentUrl":"https:\/\/secure.gravatar.com\/avatar\/9ec84cd2aae348a65c0e6bfc1712bb19d1c65841673d43248628d1eb9c1bde07?s=96&d=mm&r=g","caption":"Fundaci\u00f3n Biosferas"},"sameAs":["http:\/\/fundacionbiosferas.org","https:\/\/www.facebook.com\/Fundacin-Biosferas-103481892248118","https:\/\/www.instagram.com\/fundacionbiosferas\/","https:\/\/www.youtube.com\/channel\/UCp_tR3iAI6tXXDMUuiSEF0g"],"url":"https:\/\/fundacionbiosferas.org\/index.php\/author\/fundacionbiosferas\/"}]}},"_links":{"self":[{"href":"https:\/\/fundacionbiosferas.org\/index.php\/wp-json\/wp\/v2\/posts\/616","targetHints":{"allow":["GET"]}}],"collection":[{"href":"https:\/\/fundacionbiosferas.org\/index.php\/wp-json\/wp\/v2\/posts"}],"about":[{"href":"https:\/\/fundacionbiosferas.org\/index.php\/wp-json\/wp\/v2\/types\/post"}],"author":[{"embeddable":true,"href":"https:\/\/fundacionbiosferas.org\/index.php\/wp-json\/wp\/v2\/users\/1"}],"replies":[{"embeddable":true,"href":"https:\/\/fundacionbiosferas.org\/index.php\/wp-json\/wp\/v2\/comments?post=616"}],"version-history":[{"count":15,"href":"https:\/\/fundacionbiosferas.org\/index.php\/wp-json\/wp\/v2\/posts\/616\/revisions"}],"predecessor-version":[{"id":1099,"href":"https:\/\/fundacionbiosferas.org\/index.php\/wp-json\/wp\/v2\/posts\/616\/revisions\/1099"}],"wp:featuredmedia":[{"embeddable":true,"href":"https:\/\/fundacionbiosferas.org\/index.php\/wp-json\/wp\/v2\/media\/580"}],"wp:attachment":[{"href":"https:\/\/fundacionbiosferas.org\/index.php\/wp-json\/wp\/v2\/media?parent=616"}],"wp:term":[{"taxonomy":"category","embeddable":true,"href":"https:\/\/fundacionbiosferas.org\/index.php\/wp-json\/wp\/v2\/categories?post=616"},{"taxonomy":"post_tag","embeddable":true,"href":"https:\/\/fundacionbiosferas.org\/index.php\/wp-json\/wp\/v2\/tags?post=616"}],"curies":[{"name":"wp","href":"https:\/\/api.w.org\/{rel}","templated":true}]}}