{"id":977,"date":"2022-02-17T18:21:00","date_gmt":"2022-02-17T13:21:00","guid":{"rendered":"https:\/\/fundacionbiosferas.org\/?p=977"},"modified":"2022-02-22T00:49:27","modified_gmt":"2022-02-21T19:49:27","slug":"vinculacion-de-16-participantes-en-desafios-culinarios","status":"publish","type":"post","link":"https:\/\/fundacionbiosferas.org\/index.php\/2022\/02\/17\/vinculacion-de-16-participantes-en-desafios-culinarios\/","title":{"rendered":"Vinculaci\u00f3n de 16 participantes en desaf\u00edos culinarios"},"content":{"rendered":"\n<div class=\"wp-block-group\"><div class=\"wp-block-group__inner-container is-layout-flow wp-block-group-is-layout-flow\">\n<div class=\"wp-block-columns is-layout-flex wp-container-core-columns-is-layout-9d6595d7 wp-block-columns-is-layout-flex\">\n<div class=\"wp-block-column is-layout-flow wp-block-column-is-layout-flow\" style=\"flex-basis:100%\">\n<div class=\"wp-block-group\"><div class=\"wp-block-group__inner-container is-layout-flow wp-block-group-is-layout-flow\"><\/div><\/div>\n<\/div>\n<\/div>\n<\/div><\/div>\n\n\n\n<div class=\"wp-block-columns is-layout-flex wp-container-core-columns-is-layout-9d6595d7 wp-block-columns-is-layout-flex\">\n<div class=\"wp-block-column is-layout-flow wp-block-column-is-layout-flow\" style=\"flex-basis:50%\">\n<div class=\"wp-block-columns is-layout-flex wp-container-core-columns-is-layout-9d6595d7 wp-block-columns-is-layout-flex\">\n<div class=\"wp-block-column is-layout-flow wp-block-column-is-layout-flow\" style=\"flex-basis:100%\">\n<figure class=\"wp-block-image size-large\"><img decoding=\"async\" width=\"768\" height=\"1024\" src=\"http:\/\/fundacionbiosferas.org\/wp-content\/uploads\/2022\/02\/cosecha-granadilla-768x1024.jpg\" alt=\"\" class=\"wp-image-221\" srcset=\"https:\/\/fundacionbiosferas.org\/wp-content\/uploads\/2022\/02\/cosecha-granadilla-768x1024.jpg 768w, https:\/\/fundacionbiosferas.org\/wp-content\/uploads\/2022\/02\/cosecha-granadilla-225x300.jpg 225w, https:\/\/fundacionbiosferas.org\/wp-content\/uploads\/2022\/02\/cosecha-granadilla-1152x1536.jpg 1152w, https:\/\/fundacionbiosferas.org\/wp-content\/uploads\/2022\/02\/cosecha-granadilla-1536x2048.jpg 1536w, https:\/\/fundacionbiosferas.org\/wp-content\/uploads\/2022\/02\/cosecha-granadilla-600x800.jpg 600w, https:\/\/fundacionbiosferas.org\/wp-content\/uploads\/2022\/02\/cosecha-granadilla-scaled.jpg 1920w\" sizes=\"(max-width: 768px) 100vw, 768px\" \/><\/figure>\n<\/div>\n<\/div>\n<\/div>\n\n\n\n<div class=\"wp-block-column is-layout-flow wp-block-column-is-layout-flow\" style=\"flex-basis:50%\">\n<p class=\"has-drop-cap\"><br>Los representantes del sector gastron\u00f3mico seleccionados participar\u00e1n durante los 7 recorridos cortos y un Bici-marat\u00f3n en el marco de &#8220;Circuitos agroecotur\u00edsticos por Puente Aranda 2022&#8221;<\/p>\n\n\n\n<p><\/p>\n\n\n\n<p>\u2013 Se desarrollar\u00e1n 8 desaf\u00edos culinarios con productos de cosecha de las huertas participantes (hortalizas, tub\u00e9rculos, arom\u00e1ticas, condimentar\u00edas)<br>\u2013 El primer puesto recibir\u00e1 un est\u00edmulo econ\u00f3mico de $100.000<br>\u2013 El segundo puesto recibir\u00e1 un est\u00edmulo econ\u00f3mico de $50.000<br>\u2013 Se priorizar\u00e1n por orden de inscripci\u00f3n<\/p>\n\n\n\n<p><\/p>\n\n\n\n<p><a href=\"http:\/\/huertocircuitos.fundacionbiosferas.org\/\">#HuertoCircuitos&nbsp;<\/a><\/p>\n<\/div>\n<\/div>\n\n\n\n<p>*<strong>** \u00bfQu\u00e9 debes tener en cuenta? (IMPORTANTE) ***<\/strong><br>1) Los interesados pueden registrarse en varias categor\u00edas, llenando un formulario individual por cada categor\u00eda.<br>2) La convocatoria cierra el d\u00eda martes 1 de marzo de 2022 a las 8 PM Hora colombiana.<br>3) Completar este formulario es indispensable para participar, pero no garantiza que ya est\u00e9s vinculado.<br>4) Se priorizar\u00e1n a los participantes de la Localidad de Puente Aranda<br>5) Los resultados se har\u00e1n p\u00fablicos el d\u00eda jueves 3 de marzo a las 8PM a trav\u00e9s de la p\u00e1gina web y env\u00edo a los correos registrados.<br>6) Ser parte de la iniciativa implica el compromiso de participar de las actividades programadas, reuniones previas y al menos uno de los recorridos programados en el marco de la agenda del proyecto.<br>7) Toda la parrilla de programaci\u00f3n se desarrollar\u00e1 durante el mes de marzo\/abril de 2022.<\/p>\n\n\n\n<div class=\"wp-block-buttons is-layout-flex wp-block-buttons-is-layout-flex\">\n<div class=\"wp-block-button aligncenter\"><a class=\"wp-block-button__link has-white-color has-text-color has-background\" href=\"https:\/\/forms.gle\/V2hn678evigAmcb46\" style=\"background-color:#548235\" target=\"_blank\" rel=\"noreferrer noopener\">Inscr\u00edbete<\/a><\/div>\n<\/div>\n","protected":false},"excerpt":{"rendered":"<p>Los representantes del sector gastron\u00f3mico seleccionados participar\u00e1n durante los 7 recorridos cortos y un Bici-marat\u00f3n en el marco de &#8220;Circuitos agroecotur\u00edsticos por Puente Aranda 2022&#8221; \u2013 Se desarrollar\u00e1n 8 desaf\u00edos culinarios con productos de cosecha de las huertas participantes (hortalizas, tub\u00e9rculos, arom\u00e1ticas, condimentar\u00edas)\u2013 El primer puesto recibir\u00e1 un est\u00edmulo econ\u00f3mico de $100.000\u2013 El segundo puesto [&hellip;]<\/p>\n","protected":false},"author":1,"featured_media":339,"comment_status":"open","ping_status":"open","sticky":false,"template":"","format":"standard","meta":{"footnotes":""},"categories":[1],"tags":[43,44,32],"class_list":["post-977","post","type-post","status-publish","format-standard","has-post-thumbnail","hentry","category-convocatorias","tag-ambiente","tag-fortalecimiento","tag-huertas","entry","has-media","owp-thumbs-layout-horizontal","owp-btn-normal","owp-tabs-layout-horizontal","has-no-thumbnails","has-product-nav"],"yoast_head":"<!-- This site is optimized with the Yoast SEO plugin v18.1 - https:\/\/yoast.com\/wordpress\/plugins\/seo\/ -->\n<title>Vinculaci\u00f3n de 16 participantes en desaf\u00edos culinarios - Fundaci\u00f3n Biosferas<\/title>\n<meta name=\"robots\" content=\"index, follow, max-snippet:-1, max-image-preview:large, max-video-preview:-1\" \/>\n<link rel=\"canonical\" href=\"https:\/\/fundacionbiosferas.org\/index.php\/2022\/02\/17\/vinculacion-de-16-participantes-en-desafios-culinarios\/\" \/>\n<meta property=\"og:locale\" content=\"es_ES\" \/>\n<meta property=\"og:type\" content=\"article\" \/>\n<meta property=\"og:title\" content=\"Vinculaci\u00f3n de 16 participantes en desaf\u00edos culinarios - Fundaci\u00f3n Biosferas\" \/>\n<meta property=\"og:description\" content=\"Los representantes del sector gastron\u00f3mico seleccionados participar\u00e1n durante los 7 recorridos cortos y un Bici-marat\u00f3n en el marco de &#8220;Circuitos agroecotur\u00edsticos por Puente Aranda 2022&#8221; \u2013 Se desarrollar\u00e1n 8 desaf\u00edos culinarios con productos de cosecha de las huertas participantes (hortalizas, tub\u00e9rculos, arom\u00e1ticas, condimentar\u00edas)\u2013 El primer puesto recibir\u00e1 un est\u00edmulo econ\u00f3mico de $100.000\u2013 El segundo puesto [&hellip;]\" \/>\n<meta property=\"og:url\" content=\"https:\/\/fundacionbiosferas.org\/index.php\/2022\/02\/17\/vinculacion-de-16-participantes-en-desafios-culinarios\/\" \/>\n<meta property=\"og:site_name\" content=\"Fundaci\u00f3n Biosferas\" \/>\n<meta property=\"article:author\" content=\"https:\/\/www.facebook.com\/Fundacin-Biosferas-103481892248118\" \/>\n<meta property=\"article:published_time\" content=\"2022-02-17T13:21:00+00:00\" \/>\n<meta property=\"article:modified_time\" content=\"2022-02-21T19:49:27+00:00\" \/>\n<meta property=\"og:image\" content=\"http:\/\/fundacionbiosferas.org\/wp-content\/uploads\/2022\/02\/papas-scaled.jpg\" \/>\n\t<meta property=\"og:image:width\" content=\"2560\" \/>\n\t<meta property=\"og:image:height\" content=\"1920\" \/>\n\t<meta property=\"og:image:type\" content=\"image\/jpeg\" \/>\n<meta name=\"twitter:card\" content=\"summary_large_image\" \/>\n<meta name=\"twitter:label1\" content=\"Escrito por\" \/>\n\t<meta name=\"twitter:data1\" content=\"Fundaci\u00f3n Biosferas\" \/>\n\t<meta name=\"twitter:label2\" content=\"Tiempo de lectura\" \/>\n\t<meta name=\"twitter:data2\" content=\"2 minutos\" \/>\n<script type=\"application\/ld+json\" class=\"yoast-schema-graph\">{\"@context\":\"https:\/\/schema.org\",\"@graph\":[{\"@type\":\"Organization\",\"@id\":\"https:\/\/fundacionbiosferas.org\/#organization\",\"name\":\"Fundaci\u00f3n Biosferas\",\"url\":\"https:\/\/fundacionbiosferas.org\/\",\"sameAs\":[],\"logo\":{\"@type\":\"ImageObject\",\"@id\":\"https:\/\/fundacionbiosferas.org\/#logo\",\"inLanguage\":\"es\",\"url\":\"https:\/\/fundacionbiosferas.org\/wp-content\/uploads\/2022\/02\/cropped-Logo-texto-fondo-blanco-fundacion-biosferas.png\",\"contentUrl\":\"https:\/\/fundacionbiosferas.org\/wp-content\/uploads\/2022\/02\/cropped-Logo-texto-fondo-blanco-fundacion-biosferas.png\",\"width\":500,\"height\":233,\"caption\":\"Fundaci\u00f3n Biosferas\"},\"image\":{\"@id\":\"https:\/\/fundacionbiosferas.org\/#logo\"}},{\"@type\":\"WebSite\",\"@id\":\"https:\/\/fundacionbiosferas.org\/#website\",\"url\":\"https:\/\/fundacionbiosferas.org\/\",\"name\":\"Fundaci\u00f3n Biosferas\",\"description\":\"Fundaci\u00f3n sin \u00e1nimo de lucro, que busca construir comunidad promoviendo la reconexi\u00f3n socioambiental.\",\"publisher\":{\"@id\":\"https:\/\/fundacionbiosferas.org\/#organization\"},\"potentialAction\":[{\"@type\":\"SearchAction\",\"target\":{\"@type\":\"EntryPoint\",\"urlTemplate\":\"https:\/\/fundacionbiosferas.org\/?s={search_term_string}\"},\"query-input\":\"required name=search_term_string\"}],\"inLanguage\":\"es\"},{\"@type\":\"ImageObject\",\"@id\":\"https:\/\/fundacionbiosferas.org\/index.php\/2022\/02\/17\/vinculacion-de-16-participantes-en-desafios-culinarios\/#primaryimage\",\"inLanguage\":\"es\",\"url\":\"https:\/\/fundacionbiosferas.org\/wp-content\/uploads\/2022\/02\/papas-scaled.jpg\",\"contentUrl\":\"https:\/\/fundacionbiosferas.org\/wp-content\/uploads\/2022\/02\/papas-scaled.jpg\",\"width\":2560,\"height\":1920},{\"@type\":\"WebPage\",\"@id\":\"https:\/\/fundacionbiosferas.org\/index.php\/2022\/02\/17\/vinculacion-de-16-participantes-en-desafios-culinarios\/#webpage\",\"url\":\"https:\/\/fundacionbiosferas.org\/index.php\/2022\/02\/17\/vinculacion-de-16-participantes-en-desafios-culinarios\/\",\"name\":\"Vinculaci\u00f3n de 16 participantes en desaf\u00edos culinarios - Fundaci\u00f3n Biosferas\",\"isPartOf\":{\"@id\":\"https:\/\/fundacionbiosferas.org\/#website\"},\"primaryImageOfPage\":{\"@id\":\"https:\/\/fundacionbiosferas.org\/index.php\/2022\/02\/17\/vinculacion-de-16-participantes-en-desafios-culinarios\/#primaryimage\"},\"datePublished\":\"2022-02-17T13:21:00+00:00\",\"dateModified\":\"2022-02-21T19:49:27+00:00\",\"breadcrumb\":{\"@id\":\"https:\/\/fundacionbiosferas.org\/index.php\/2022\/02\/17\/vinculacion-de-16-participantes-en-desafios-culinarios\/#breadcrumb\"},\"inLanguage\":\"es\",\"potentialAction\":[{\"@type\":\"ReadAction\",\"target\":[\"https:\/\/fundacionbiosferas.org\/index.php\/2022\/02\/17\/vinculacion-de-16-participantes-en-desafios-culinarios\/\"]}]},{\"@type\":\"BreadcrumbList\",\"@id\":\"https:\/\/fundacionbiosferas.org\/index.php\/2022\/02\/17\/vinculacion-de-16-participantes-en-desafios-culinarios\/#breadcrumb\",\"itemListElement\":[{\"@type\":\"ListItem\",\"position\":1,\"name\":\"Portada\",\"item\":\"https:\/\/fundacionbiosferas.org\/\"},{\"@type\":\"ListItem\",\"position\":2,\"name\":\"Vinculaci\u00f3n de 16 participantes en desaf\u00edos culinarios\"}]},{\"@type\":\"Article\",\"@id\":\"https:\/\/fundacionbiosferas.org\/index.php\/2022\/02\/17\/vinculacion-de-16-participantes-en-desafios-culinarios\/#article\",\"isPartOf\":{\"@id\":\"https:\/\/fundacionbiosferas.org\/index.php\/2022\/02\/17\/vinculacion-de-16-participantes-en-desafios-culinarios\/#webpage\"},\"author\":{\"@id\":\"https:\/\/fundacionbiosferas.org\/#\/schema\/person\/4c5b627dabf1ae1b356b4d2309ecb438\"},\"headline\":\"Vinculaci\u00f3n de 16 participantes en desaf\u00edos culinarios\",\"datePublished\":\"2022-02-17T13:21:00+00:00\",\"dateModified\":\"2022-02-21T19:49:27+00:00\",\"mainEntityOfPage\":{\"@id\":\"https:\/\/fundacionbiosferas.org\/index.php\/2022\/02\/17\/vinculacion-de-16-participantes-en-desafios-culinarios\/#webpage\"},\"wordCount\":230,\"commentCount\":0,\"publisher\":{\"@id\":\"https:\/\/fundacionbiosferas.org\/#organization\"},\"image\":{\"@id\":\"https:\/\/fundacionbiosferas.org\/index.php\/2022\/02\/17\/vinculacion-de-16-participantes-en-desafios-culinarios\/#primaryimage\"},\"thumbnailUrl\":\"https:\/\/fundacionbiosferas.org\/wp-content\/uploads\/2022\/02\/papas-scaled.jpg\",\"keywords\":[\"Ambiente\",\"Fortalecimiento\",\"Huertas urbanas\"],\"articleSection\":[\"Convocatorias\"],\"inLanguage\":\"es\",\"potentialAction\":[{\"@type\":\"CommentAction\",\"name\":\"Comment\",\"target\":[\"https:\/\/fundacionbiosferas.org\/index.php\/2022\/02\/17\/vinculacion-de-16-participantes-en-desafios-culinarios\/#respond\"]}]},{\"@type\":\"Person\",\"@id\":\"https:\/\/fundacionbiosferas.org\/#\/schema\/person\/4c5b627dabf1ae1b356b4d2309ecb438\",\"name\":\"Fundaci\u00f3n Biosferas\",\"image\":{\"@type\":\"ImageObject\",\"@id\":\"https:\/\/fundacionbiosferas.org\/#personlogo\",\"inLanguage\":\"es\",\"url\":\"https:\/\/secure.gravatar.com\/avatar\/9ec84cd2aae348a65c0e6bfc1712bb19d1c65841673d43248628d1eb9c1bde07?s=96&d=mm&r=g\",\"contentUrl\":\"https:\/\/secure.gravatar.com\/avatar\/9ec84cd2aae348a65c0e6bfc1712bb19d1c65841673d43248628d1eb9c1bde07?s=96&d=mm&r=g\",\"caption\":\"Fundaci\u00f3n Biosferas\"},\"sameAs\":[\"http:\/\/fundacionbiosferas.org\",\"https:\/\/www.facebook.com\/Fundacin-Biosferas-103481892248118\",\"https:\/\/www.instagram.com\/fundacionbiosferas\/\",\"https:\/\/www.youtube.com\/channel\/UCp_tR3iAI6tXXDMUuiSEF0g\"],\"url\":\"https:\/\/fundacionbiosferas.org\/index.php\/author\/fundacionbiosferas\/\"}]}<\/script>\n<!-- \/ Yoast SEO plugin. -->","yoast_head_json":{"title":"Vinculaci\u00f3n de 16 participantes en desaf\u00edos culinarios - Fundaci\u00f3n Biosferas","robots":{"index":"index","follow":"follow","max-snippet":"max-snippet:-1","max-image-preview":"max-image-preview:large","max-video-preview":"max-video-preview:-1"},"canonical":"https:\/\/fundacionbiosferas.org\/index.php\/2022\/02\/17\/vinculacion-de-16-participantes-en-desafios-culinarios\/","og_locale":"es_ES","og_type":"article","og_title":"Vinculaci\u00f3n de 16 participantes en desaf\u00edos culinarios - Fundaci\u00f3n Biosferas","og_description":"Los representantes del sector gastron\u00f3mico seleccionados participar\u00e1n durante los 7 recorridos cortos y un Bici-marat\u00f3n en el marco de &#8220;Circuitos agroecotur\u00edsticos por Puente Aranda 2022&#8221; \u2013 Se desarrollar\u00e1n 8 desaf\u00edos culinarios con productos de cosecha de las huertas participantes (hortalizas, tub\u00e9rculos, arom\u00e1ticas, condimentar\u00edas)\u2013 El primer puesto recibir\u00e1 un est\u00edmulo econ\u00f3mico de $100.000\u2013 El segundo puesto [&hellip;]","og_url":"https:\/\/fundacionbiosferas.org\/index.php\/2022\/02\/17\/vinculacion-de-16-participantes-en-desafios-culinarios\/","og_site_name":"Fundaci\u00f3n Biosferas","article_author":"https:\/\/www.facebook.com\/Fundacin-Biosferas-103481892248118","article_published_time":"2022-02-17T13:21:00+00:00","article_modified_time":"2022-02-21T19:49:27+00:00","og_image":[{"width":2560,"height":1920,"url":"http:\/\/fundacionbiosferas.org\/wp-content\/uploads\/2022\/02\/papas-scaled.jpg","type":"image\/jpeg"}],"twitter_card":"summary_large_image","twitter_misc":{"Escrito por":"Fundaci\u00f3n Biosferas","Tiempo de lectura":"2 minutos"},"schema":{"@context":"https:\/\/schema.org","@graph":[{"@type":"Organization","@id":"https:\/\/fundacionbiosferas.org\/#organization","name":"Fundaci\u00f3n Biosferas","url":"https:\/\/fundacionbiosferas.org\/","sameAs":[],"logo":{"@type":"ImageObject","@id":"https:\/\/fundacionbiosferas.org\/#logo","inLanguage":"es","url":"https:\/\/fundacionbiosferas.org\/wp-content\/uploads\/2022\/02\/cropped-Logo-texto-fondo-blanco-fundacion-biosferas.png","contentUrl":"https:\/\/fundacionbiosferas.org\/wp-content\/uploads\/2022\/02\/cropped-Logo-texto-fondo-blanco-fundacion-biosferas.png","width":500,"height":233,"caption":"Fundaci\u00f3n Biosferas"},"image":{"@id":"https:\/\/fundacionbiosferas.org\/#logo"}},{"@type":"WebSite","@id":"https:\/\/fundacionbiosferas.org\/#website","url":"https:\/\/fundacionbiosferas.org\/","name":"Fundaci\u00f3n Biosferas","description":"Fundaci\u00f3n sin \u00e1nimo de lucro, que busca construir comunidad promoviendo la reconexi\u00f3n socioambiental.","publisher":{"@id":"https:\/\/fundacionbiosferas.org\/#organization"},"potentialAction":[{"@type":"SearchAction","target":{"@type":"EntryPoint","urlTemplate":"https:\/\/fundacionbiosferas.org\/?s={search_term_string}"},"query-input":"required name=search_term_string"}],"inLanguage":"es"},{"@type":"ImageObject","@id":"https:\/\/fundacionbiosferas.org\/index.php\/2022\/02\/17\/vinculacion-de-16-participantes-en-desafios-culinarios\/#primaryimage","inLanguage":"es","url":"https:\/\/fundacionbiosferas.org\/wp-content\/uploads\/2022\/02\/papas-scaled.jpg","contentUrl":"https:\/\/fundacionbiosferas.org\/wp-content\/uploads\/2022\/02\/papas-scaled.jpg","width":2560,"height":1920},{"@type":"WebPage","@id":"https:\/\/fundacionbiosferas.org\/index.php\/2022\/02\/17\/vinculacion-de-16-participantes-en-desafios-culinarios\/#webpage","url":"https:\/\/fundacionbiosferas.org\/index.php\/2022\/02\/17\/vinculacion-de-16-participantes-en-desafios-culinarios\/","name":"Vinculaci\u00f3n de 16 participantes en desaf\u00edos culinarios - Fundaci\u00f3n Biosferas","isPartOf":{"@id":"https:\/\/fundacionbiosferas.org\/#website"},"primaryImageOfPage":{"@id":"https:\/\/fundacionbiosferas.org\/index.php\/2022\/02\/17\/vinculacion-de-16-participantes-en-desafios-culinarios\/#primaryimage"},"datePublished":"2022-02-17T13:21:00+00:00","dateModified":"2022-02-21T19:49:27+00:00","breadcrumb":{"@id":"https:\/\/fundacionbiosferas.org\/index.php\/2022\/02\/17\/vinculacion-de-16-participantes-en-desafios-culinarios\/#breadcrumb"},"inLanguage":"es","potentialAction":[{"@type":"ReadAction","target":["https:\/\/fundacionbiosferas.org\/index.php\/2022\/02\/17\/vinculacion-de-16-participantes-en-desafios-culinarios\/"]}]},{"@type":"BreadcrumbList","@id":"https:\/\/fundacionbiosferas.org\/index.php\/2022\/02\/17\/vinculacion-de-16-participantes-en-desafios-culinarios\/#breadcrumb","itemListElement":[{"@type":"ListItem","position":1,"name":"Portada","item":"https:\/\/fundacionbiosferas.org\/"},{"@type":"ListItem","position":2,"name":"Vinculaci\u00f3n de 16 participantes en desaf\u00edos culinarios"}]},{"@type":"Article","@id":"https:\/\/fundacionbiosferas.org\/index.php\/2022\/02\/17\/vinculacion-de-16-participantes-en-desafios-culinarios\/#article","isPartOf":{"@id":"https:\/\/fundacionbiosferas.org\/index.php\/2022\/02\/17\/vinculacion-de-16-participantes-en-desafios-culinarios\/#webpage"},"author":{"@id":"https:\/\/fundacionbiosferas.org\/#\/schema\/person\/4c5b627dabf1ae1b356b4d2309ecb438"},"headline":"Vinculaci\u00f3n de 16 participantes en desaf\u00edos culinarios","datePublished":"2022-02-17T13:21:00+00:00","dateModified":"2022-02-21T19:49:27+00:00","mainEntityOfPage":{"@id":"https:\/\/fundacionbiosferas.org\/index.php\/2022\/02\/17\/vinculacion-de-16-participantes-en-desafios-culinarios\/#webpage"},"wordCount":230,"commentCount":0,"publisher":{"@id":"https:\/\/fundacionbiosferas.org\/#organization"},"image":{"@id":"https:\/\/fundacionbiosferas.org\/index.php\/2022\/02\/17\/vinculacion-de-16-participantes-en-desafios-culinarios\/#primaryimage"},"thumbnailUrl":"https:\/\/fundacionbiosferas.org\/wp-content\/uploads\/2022\/02\/papas-scaled.jpg","keywords":["Ambiente","Fortalecimiento","Huertas urbanas"],"articleSection":["Convocatorias"],"inLanguage":"es","potentialAction":[{"@type":"CommentAction","name":"Comment","target":["https:\/\/fundacionbiosferas.org\/index.php\/2022\/02\/17\/vinculacion-de-16-participantes-en-desafios-culinarios\/#respond"]}]},{"@type":"Person","@id":"https:\/\/fundacionbiosferas.org\/#\/schema\/person\/4c5b627dabf1ae1b356b4d2309ecb438","name":"Fundaci\u00f3n Biosferas","image":{"@type":"ImageObject","@id":"https:\/\/fundacionbiosferas.org\/#personlogo","inLanguage":"es","url":"https:\/\/secure.gravatar.com\/avatar\/9ec84cd2aae348a65c0e6bfc1712bb19d1c65841673d43248628d1eb9c1bde07?s=96&d=mm&r=g","contentUrl":"https:\/\/secure.gravatar.com\/avatar\/9ec84cd2aae348a65c0e6bfc1712bb19d1c65841673d43248628d1eb9c1bde07?s=96&d=mm&r=g","caption":"Fundaci\u00f3n Biosferas"},"sameAs":["http:\/\/fundacionbiosferas.org","https:\/\/www.facebook.com\/Fundacin-Biosferas-103481892248118","https:\/\/www.instagram.com\/fundacionbiosferas\/","https:\/\/www.youtube.com\/channel\/UCp_tR3iAI6tXXDMUuiSEF0g"],"url":"https:\/\/fundacionbiosferas.org\/index.php\/author\/fundacionbiosferas\/"}]}},"_links":{"self":[{"href":"https:\/\/fundacionbiosferas.org\/index.php\/wp-json\/wp\/v2\/posts\/977","targetHints":{"allow":["GET"]}}],"collection":[{"href":"https:\/\/fundacionbiosferas.org\/index.php\/wp-json\/wp\/v2\/posts"}],"about":[{"href":"https:\/\/fundacionbiosferas.org\/index.php\/wp-json\/wp\/v2\/types\/post"}],"author":[{"embeddable":true,"href":"https:\/\/fundacionbiosferas.org\/index.php\/wp-json\/wp\/v2\/users\/1"}],"replies":[{"embeddable":true,"href":"https:\/\/fundacionbiosferas.org\/index.php\/wp-json\/wp\/v2\/comments?post=977"}],"version-history":[{"count":5,"href":"https:\/\/fundacionbiosferas.org\/index.php\/wp-json\/wp\/v2\/posts\/977\/revisions"}],"predecessor-version":[{"id":1095,"href":"https:\/\/fundacionbiosferas.org\/index.php\/wp-json\/wp\/v2\/posts\/977\/revisions\/1095"}],"wp:featuredmedia":[{"embeddable":true,"href":"https:\/\/fundacionbiosferas.org\/index.php\/wp-json\/wp\/v2\/media\/339"}],"wp:attachment":[{"href":"https:\/\/fundacionbiosferas.org\/index.php\/wp-json\/wp\/v2\/media?parent=977"}],"wp:term":[{"taxonomy":"category","embeddable":true,"href":"https:\/\/fundacionbiosferas.org\/index.php\/wp-json\/wp\/v2\/categories?post=977"},{"taxonomy":"post_tag","embeddable":true,"href":"https:\/\/fundacionbiosferas.org\/index.php\/wp-json\/wp\/v2\/tags?post=977"}],"curies":[{"name":"wp","href":"https:\/\/api.w.org\/{rel}","templated":true}]}}